{"id":7810,"date":"2018-05-17T15:55:01","date_gmt":"2018-05-17T14:55:01","guid":{"rendered":"http:\/\/www.bratislavadesignweek.sk\/?p=7810"},"modified":"2024-09-25T12:23:57","modified_gmt":"2024-09-25T10:23:57","slug":"nova-edicia-majstri-peter-lehocky","status":"publish","type":"post","link":"https:\/\/www.bratislavadesignweek.sk\/en\/nova-edicia-majstri-peter-lehocky\/","title":{"rendered":"Nov\u00e1 ed\u00edcia MAJSTRI \/ PETER LEHOCK\u00dd"},"content":{"rendered":"<p>Nov\u00e1 ed\u00edcia MAJSTRI predstavuje v\u00fdznamn\u00e9 osobnosti z dej\u00edn slovensk\u00e9ho dizajnu. Ako prv\u00e9ho vyber\u00e1me docenta, akademick\u00e9ho soch\u00e1ra Petra Lehock\u00e9ho, Art. D (naroden\u00e9ho 1944 v Drietomej, \u017eij\u00faci a pracuj\u00faci v Tren\u010d\u00edne), ktor\u00ed patr\u00ed k najd\u00f4le\u017eitej\u0161\u00edm postav\u00e1m sveteln\u00e9ho dizajnu a sklenenej sochy u n\u00e1s. Lehock\u00fd bol dlhoro\u010dn\u00fdm ved\u00facim katedry dizajnu Slovenskej technickej univerzity v Bratislave. K jeho rozmern\u00fdm realiz\u00e1ci\u00e1m patr\u00ed napr\u00edklad komplex exteri\u00e9rov\u00e9ho osvetlenia z\u00e1mku Tr\u00f3ja v Prahe (1988, aj po mas\u00edvnych potop\u00e1ch v roku 2013 st\u00e1le funk\u010dn\u00e9) alebo Medickej z\u00e1hrady v Bratislave (1987, pred nieko\u013ek\u00fdmi rokmi bezprecedentne dezin\u0161talovan\u00e9, \u00fadajne uskladnen\u00e9 a rozkradnut\u00e9). V Zoya Gallery predstav\u00ed kolekciu svojej komornej svetelnej plastiky \u23af m\u00e4kkej, organickej geometrickej abstrakcie.<\/p>\n<p>Kur\u00e1tor v\u00fdstavy je Boris Ondrei\u010dka. <\/p>\n<p>Na fotografii: kolekcia svietidiel Petra Lehock\u00e9ho, 70. a\u017e 90. roky, foto: arch\u00edv autora<\/p>","protected":false},"excerpt":{"rendered":"<p>Nov\u00e1 ed\u00edcia MAJSTRI predstavuje v\u00fdznamn\u00e9 osobnosti z dej\u00edn slovensk\u00e9ho dizajnu. Ako prv\u00e9ho vyber\u00e1me docenta, akademick\u00e9ho soch\u00e1ra Petra Lehock\u00e9ho, Art. D (naroden\u00e9ho 1944 v Drietomej, \u017eij\u00faci a pracuj\u00faci v Tren\u010d\u00edne), ktor\u00ed patr\u00ed k najd\u00f4le\u017eitej\u0161\u00edm postav\u00e1m sveteln\u00e9ho dizajnu a sklenenej sochy u n\u00e1s. Lehock\u00fd bol dlhoro\u010dn\u00fdm ved\u00facim katedry dizajnu Slovenskej technickej univerzity v Bratislave. K jeho rozmern\u00fdm [&hellip;]<\/p>","protected":false},"author":2,"featured_media":7811,"comment_status":"closed","ping_status":"closed","sticky":false,"template":"","format":"standard","meta":{"footnotes":""},"categories":[634,896],"tags":[],"_links":{"self":[{"href":"https:\/\/www.bratislavadesignweek.sk\/en\/wp-json\/wp\/v2\/posts\/7810"}],"collection":[{"href":"https:\/\/www.bratislavadesignweek.sk\/en\/wp-json\/wp\/v2\/posts"}],"about":[{"href":"https:\/\/www.bratislavadesignweek.sk\/en\/wp-json\/wp\/v2\/types\/post"}],"author":[{"embeddable":true,"href":"https:\/\/www.bratislavadesignweek.sk\/en\/wp-json\/wp\/v2\/users\/2"}],"replies":[{"embeddable":true,"href":"https:\/\/www.bratislavadesignweek.sk\/en\/wp-json\/wp\/v2\/comments?post=7810"}],"version-history":[{"count":1,"href":"https:\/\/www.bratislavadesignweek.sk\/en\/wp-json\/wp\/v2\/posts\/7810\/revisions"}],"predecessor-version":[{"id":7812,"href":"https:\/\/www.bratislavadesignweek.sk\/en\/wp-json\/wp\/v2\/posts\/7810\/revisions\/7812"}],"wp:featuredmedia":[{"embeddable":true,"href":"https:\/\/www.bratislavadesignweek.sk\/en\/wp-json\/wp\/v2\/media\/7811"}],"wp:attachment":[{"href":"https:\/\/www.bratislavadesignweek.sk\/en\/wp-json\/wp\/v2\/media?parent=7810"}],"wp:term":[{"taxonomy":"category","embeddable":true,"href":"https:\/\/www.bratislavadesignweek.sk\/en\/wp-json\/wp\/v2\/categories?post=7810"},{"taxonomy":"post_tag","embeddable":true,"href":"https:\/\/www.bratislavadesignweek.sk\/en\/wp-json\/wp\/v2\/tags?post=7810"}],"curies":[{"name":"wp","href":"https:\/\/api.w.org\/{rel}","templated":true}]}}