{"id":7813,"date":"2018-05-18T11:16:10","date_gmt":"2018-05-18T10:16:10","guid":{"rendered":"http:\/\/www.bratislavadesignweek.sk\/?p=7813"},"modified":"2024-09-25T12:23:57","modified_gmt":"2024-09-25T10:23:57","slug":"insideout","status":"publish","type":"post","link":"https:\/\/www.bratislavadesignweek.sk\/en\/insideout\/","title":{"rendered":"INSIDEOUT"},"content":{"rendered":"<p>Simona Jani\u0161ov\u00e1, v\u00ed\u0165azka BADW 2017 sa predstav\u00ed v Zoya Gallery s novou kolekciou INSIDEOUT. <\/p>\n<p>Fyzick\u00e9 telo je schr\u00e1nka, n\u00e1doba pre obsah. Sna\u017e\u00edme sa vlastnou tvorbou zhmotni\u0165 tento obsah? Je tvorba pred\u013a\u017een\u00edm n\u00e1\u0161ho vn\u00fatra? A ako teda naozaj vyzer\u00e1me?  Objekt\/n\u00e1doba Insideout je abstraktn\u00fdm portr\u00e9tom, \u00fasil\u00edm o spr\u00edtomnenie nevidite\u013en\u00e9ho. V materi\u00e1lnom svete je toto sna\u017eenie vopred ods\u00faden\u00e9 na ne\u00faspech. V\u00fdsledn\u00fd objekt sa v tomto svete op\u00e4\u0165 st\u00e1va n\u00e1dobou, ktorej vn\u00fatorn\u00e1 pr\u00e1zdnota \u010dak\u00e1 na naplnenie obsahom.<\/p>\n<p>Autorka s fragmentom formy INSIDEOUT Foto: WELIN <\/p>","protected":false},"excerpt":{"rendered":"<p>Simona Jani\u0161ov\u00e1, v\u00ed\u0165azka BADW 2017 sa predstav\u00ed v Zoya Gallery s novou kolekciou INSIDEOUT. Fyzick\u00e9 telo je schr\u00e1nka, n\u00e1doba pre obsah. Sna\u017e\u00edme sa vlastnou tvorbou zhmotni\u0165 tento obsah? Je tvorba pred\u013a\u017een\u00edm n\u00e1\u0161ho vn\u00fatra? A ako teda naozaj vyzer\u00e1me? Objekt\/n\u00e1doba Insideout je abstraktn\u00fdm portr\u00e9tom, \u00fasil\u00edm o spr\u00edtomnenie nevidite\u013en\u00e9ho. V materi\u00e1lnom svete je toto sna\u017eenie vopred ods\u00faden\u00e9 [&hellip;]<\/p>","protected":false},"author":2,"featured_media":7654,"comment_status":"closed","ping_status":"closed","sticky":false,"template":"","format":"standard","meta":{"footnotes":""},"categories":[634,896],"tags":[],"_links":{"self":[{"href":"https:\/\/www.bratislavadesignweek.sk\/en\/wp-json\/wp\/v2\/posts\/7813"}],"collection":[{"href":"https:\/\/www.bratislavadesignweek.sk\/en\/wp-json\/wp\/v2\/posts"}],"about":[{"href":"https:\/\/www.bratislavadesignweek.sk\/en\/wp-json\/wp\/v2\/types\/post"}],"author":[{"embeddable":true,"href":"https:\/\/www.bratislavadesignweek.sk\/en\/wp-json\/wp\/v2\/users\/2"}],"replies":[{"embeddable":true,"href":"https:\/\/www.bratislavadesignweek.sk\/en\/wp-json\/wp\/v2\/comments?post=7813"}],"version-history":[{"count":1,"href":"https:\/\/www.bratislavadesignweek.sk\/en\/wp-json\/wp\/v2\/posts\/7813\/revisions"}],"predecessor-version":[{"id":7814,"href":"https:\/\/www.bratislavadesignweek.sk\/en\/wp-json\/wp\/v2\/posts\/7813\/revisions\/7814"}],"wp:featuredmedia":[{"embeddable":true,"href":"https:\/\/www.bratislavadesignweek.sk\/en\/wp-json\/wp\/v2\/media\/7654"}],"wp:attachment":[{"href":"https:\/\/www.bratislavadesignweek.sk\/en\/wp-json\/wp\/v2\/media?parent=7813"}],"wp:term":[{"taxonomy":"category","embeddable":true,"href":"https:\/\/www.bratislavadesignweek.sk\/en\/wp-json\/wp\/v2\/categories?post=7813"},{"taxonomy":"post_tag","embeddable":true,"href":"https:\/\/www.bratislavadesignweek.sk\/en\/wp-json\/wp\/v2\/tags?post=7813"}],"curies":[{"name":"wp","href":"https:\/\/api.w.org\/{rel}","templated":true}]}}