{"id":7833,"date":"2018-05-21T08:49:57","date_gmt":"2018-05-21T07:49:57","guid":{"rendered":"http:\/\/www.bratislavadesignweek.sk\/?p=7833"},"modified":"2024-09-25T12:23:57","modified_gmt":"2024-09-25T10:23:57","slug":"andrea-jamrichova-moznosti-objektu","status":"publish","type":"post","link":"https:\/\/www.bratislavadesignweek.sk\/en\/andrea-jamrichova-moznosti-objektu\/","title":{"rendered":"Barbora Jamrichov\u00e1, Mo\u017enosti objektu v Gal\u00e9rii NOVA"},"content":{"rendered":"<div><i><b><span style=\"font-size: large;\">Objekty a veci s\u00fa v\u0161ade. K veciam sa vz\u0165ahujeme, objekty pou\u017e\u00edvame, sme<br \/>\ns nimi v telesnom kontakte. S\u00fa nepretr\u017eite v\u0161ade nav\u00f4kol. Ak sa obzrieme okolo seba, nie je mo\u017en\u00e9, \u017ee by sa v na\u0161om zornom poli nevyskytoval \u017eiadny objekt. Ak\u00e9 s\u00fa v\u0161ak mo\u017enosti t\u00fdchto objektov? S\u00fa to mo\u017enosti, ktor\u00e9 im d\u00e1vame my alebo tak\u00e9, ktor\u00e9 si volia samy? Alebo je mo\u017en\u00e9, \u017ee ur\u010duj\u00fa ony mo\u017enosti n\u00e1m, \u013eu\u010fom?<\/span><\/b><\/i><\/div>\n<div><\/div>\n<div>\n<div>Mo\u017enosti objektu n\u00e1jdete v Gal\u00e9ria NOVA<\/div>\n<p><span style=\"font-family: 'Default Sans Serif', Verdana, Arial, Helvetica, sans-serif; font-size: large;\"><br \/>\n<\/span><\/p>\n<div>\n<div>\n<div>\n<div>\n<div>Vernis\u00e1\u017e: 28. m\u00e1j 2018 o 18:00,\u00a0 Gal\u00e9ria NOVA,\u00a0<a href=\"https:\/\/maps.google.com\/?q=Ba%C5%A1tov%C3%A1+2&amp;entry=gmail&amp;source=g\">Ba\u0161tov\u00e1 2<\/a><\/div>\n<div>Kur\u00e1torka: Na\u010fa Kan\u010devov\u00e1. V\u00fdstava potrv\u00e1 do 25. j\u00fana 2018<\/div>\n<\/div>\n<\/div>\n<\/div>\n<\/div>\n<\/div>","protected":false},"excerpt":{"rendered":"<p>Objekty a veci s\u00fa v\u0161ade. K veciam sa vz\u0165ahujeme, objekty pou\u017e\u00edvame, sme s nimi v telesnom kontakte. S\u00fa nepretr\u017eite v\u0161ade nav\u00f4kol. Ak sa obzrieme okolo seba, nie je mo\u017en\u00e9, \u017ee by sa v na\u0161om zornom poli nevyskytoval \u017eiadny objekt. Ak\u00e9 s\u00fa v\u0161ak mo\u017enosti t\u00fdchto objektov? S\u00fa to mo\u017enosti, ktor\u00e9 im d\u00e1vame my alebo tak\u00e9, ktor\u00e9 [&hellip;]<\/p>","protected":false},"author":2,"featured_media":7834,"comment_status":"closed","ping_status":"closed","sticky":false,"template":"","format":"standard","meta":{"footnotes":""},"categories":[634,896,809],"tags":[],"_links":{"self":[{"href":"https:\/\/www.bratislavadesignweek.sk\/en\/wp-json\/wp\/v2\/posts\/7833"}],"collection":[{"href":"https:\/\/www.bratislavadesignweek.sk\/en\/wp-json\/wp\/v2\/posts"}],"about":[{"href":"https:\/\/www.bratislavadesignweek.sk\/en\/wp-json\/wp\/v2\/types\/post"}],"author":[{"embeddable":true,"href":"https:\/\/www.bratislavadesignweek.sk\/en\/wp-json\/wp\/v2\/users\/2"}],"replies":[{"embeddable":true,"href":"https:\/\/www.bratislavadesignweek.sk\/en\/wp-json\/wp\/v2\/comments?post=7833"}],"version-history":[{"count":3,"href":"https:\/\/www.bratislavadesignweek.sk\/en\/wp-json\/wp\/v2\/posts\/7833\/revisions"}],"predecessor-version":[{"id":7867,"href":"https:\/\/www.bratislavadesignweek.sk\/en\/wp-json\/wp\/v2\/posts\/7833\/revisions\/7867"}],"wp:featuredmedia":[{"embeddable":true,"href":"https:\/\/www.bratislavadesignweek.sk\/en\/wp-json\/wp\/v2\/media\/7834"}],"wp:attachment":[{"href":"https:\/\/www.bratislavadesignweek.sk\/en\/wp-json\/wp\/v2\/media?parent=7833"}],"wp:term":[{"taxonomy":"category","embeddable":true,"href":"https:\/\/www.bratislavadesignweek.sk\/en\/wp-json\/wp\/v2\/categories?post=7833"},{"taxonomy":"post_tag","embeddable":true,"href":"https:\/\/www.bratislavadesignweek.sk\/en\/wp-json\/wp\/v2\/tags?post=7833"}],"curies":[{"name":"wp","href":"https:\/\/api.w.org\/{rel}","templated":true}]}}