{"id":7837,"date":"2018-05-21T08:55:11","date_gmt":"2018-05-21T07:55:11","guid":{"rendered":"http:\/\/www.bratislavadesignweek.sk\/?p=7837"},"modified":"2024-09-25T12:23:57","modified_gmt":"2024-09-25T10:23:57","slug":"emil-taschka-frame-dna","status":"publish","type":"post","link":"https:\/\/www.bratislavadesignweek.sk\/en\/emil-taschka-frame-dna\/","title":{"rendered":"EMIL TASCHKA &#8211; FRAME-DNA"},"content":{"rendered":"<p>Kolekcia objektov sk\u00fama \u0161trukt\u00faru bicyklov\u00e9ho r\u00e1mu, ktor\u00e1 ma amb\u00edciu by\u0165 samostatne stojacim objektom. Pri v\u00fdrobe \u0161portov\u00fdch r\u00e1mov sa typol\u00f3gia men\u00ed v z\u00e1vislosti na zmene geometrie, proporcii a hr\u00fabky materi\u00e1lu. Tak vznikaj\u00fa bicykle r\u00f4zneho zamerania a sp\u00f4sobu jazdy. Rovnak\u00fdm princ\u00edpom vznikaj\u00fa aj objekty F-DNA. Na\u0165ahovan\u00edm, skracovan\u00edm a modifik\u00e1ciou materi\u00e1lu sa formuje \u00fa\u010del pou\u017eitia.<\/p>","protected":false},"excerpt":{"rendered":"<p>Kolekcia objektov sk\u00fama \u0161trukt\u00faru bicyklov\u00e9ho r\u00e1mu, ktor\u00e1 ma amb\u00edciu by\u0165 samostatne stojacim objektom. Pri v\u00fdrobe \u0161portov\u00fdch r\u00e1mov sa typol\u00f3gia men\u00ed v z\u00e1vislosti na zmene geometrie, proporcii a hr\u00fabky materi\u00e1lu. Tak vznikaj\u00fa bicykle r\u00f4zneho zamerania a sp\u00f4sobu jazdy. Rovnak\u00fdm princ\u00edpom vznikaj\u00fa aj objekty F-DNA. Na\u0165ahovan\u00edm, skracovan\u00edm a modifik\u00e1ciou materi\u00e1lu sa formuje \u00fa\u010del pou\u017eitia.<\/p>","protected":false},"author":2,"featured_media":7838,"comment_status":"closed","ping_status":"closed","sticky":false,"template":"","format":"standard","meta":{"footnotes":""},"categories":[634,896,809],"tags":[],"_links":{"self":[{"href":"https:\/\/www.bratislavadesignweek.sk\/en\/wp-json\/wp\/v2\/posts\/7837"}],"collection":[{"href":"https:\/\/www.bratislavadesignweek.sk\/en\/wp-json\/wp\/v2\/posts"}],"about":[{"href":"https:\/\/www.bratislavadesignweek.sk\/en\/wp-json\/wp\/v2\/types\/post"}],"author":[{"embeddable":true,"href":"https:\/\/www.bratislavadesignweek.sk\/en\/wp-json\/wp\/v2\/users\/2"}],"replies":[{"embeddable":true,"href":"https:\/\/www.bratislavadesignweek.sk\/en\/wp-json\/wp\/v2\/comments?post=7837"}],"version-history":[{"count":2,"href":"https:\/\/www.bratislavadesignweek.sk\/en\/wp-json\/wp\/v2\/posts\/7837\/revisions"}],"predecessor-version":[{"id":7840,"href":"https:\/\/www.bratislavadesignweek.sk\/en\/wp-json\/wp\/v2\/posts\/7837\/revisions\/7840"}],"wp:featuredmedia":[{"embeddable":true,"href":"https:\/\/www.bratislavadesignweek.sk\/en\/wp-json\/wp\/v2\/media\/7838"}],"wp:attachment":[{"href":"https:\/\/www.bratislavadesignweek.sk\/en\/wp-json\/wp\/v2\/media?parent=7837"}],"wp:term":[{"taxonomy":"category","embeddable":true,"href":"https:\/\/www.bratislavadesignweek.sk\/en\/wp-json\/wp\/v2\/categories?post=7837"},{"taxonomy":"post_tag","embeddable":true,"href":"https:\/\/www.bratislavadesignweek.sk\/en\/wp-json\/wp\/v2\/tags?post=7837"}],"curies":[{"name":"wp","href":"https:\/\/api.w.org\/{rel}","templated":true}]}}