{"id":7855,"date":"2018-05-24T12:45:14","date_gmt":"2018-05-24T11:45:14","guid":{"rendered":"http:\/\/www.bratislavadesignweek.sk\/?p=7855"},"modified":"2024-09-25T12:23:57","modified_gmt":"2024-09-25T10:23:57","slug":"marcel-holubec-w-v-spolupraci-s-mikinou-dimunovou-satky-hana","status":"publish","type":"post","link":"https:\/\/www.bratislavadesignweek.sk\/en\/marcel-holubec-w-v-spolupraci-s-mikinou-dimunovou-satky-hana\/","title":{"rendered":"Marcel Holubec W, v spolupr\u00e1ci s Mikinou Dimunovou: \u0160atky HANA"},"content":{"rendered":"<p>Manifestom slobody m\u00f4\u017ee by\u0165 aj hodv\u00e1bna \u0161atka, ktorej abstraktn\u00fd dez\u00e9n nab\u00e1da na<br \/>\nvariabiln\u00e9 vyu\u017eitie.<\/p>\n<p>Limitovan\u00e1 kolekcia \u0161iestich jedine\u010dn\u00fdch \u0161atiek \u00ab Hana\u00bb je in\u0161pirovan\u00e1 \u010desko-slovenskou legendou Hanou Hegerovou. Je tie\u017e s\u00fa\u010das\u0165ou kolekcie \u00ab R\u00e9volutionnaire \u00bb, v ktorej m\u00f3dny dizajn\u00e9r Marcel Holubec W. zobrazuje svoj n\u00e1h\u013ead na spojitosti a kontinuitu jemu bl\u00edzkych kraj\u00edn. \u0160atka rafinovane podtrh\u00e1va kr\u00e1su \u017eenskej tv\u00e1re a dotv\u00e1ra celkov\u00fd vzh\u013ead. Je odkazom jej sily a revolty, ktor\u00e1 sa rod\u00ed v srdci a zhmot\u0148uje v gest\u00e1ch.<\/p>\n<p>\u0160atky s\u00fa vyroben\u00e9 v renomovanom talianskom ateli\u00e9ri, ktor\u00e9ho slu\u017eby vyu\u017e\u00edvaj\u00fa aj zna\u010dky Gucci, Versace \u010di McQueen.<br \/>\nMateri\u00e1l: 100% hodv\u00e1b, Rozmery: 90 x 90 cm<\/p>\n<p>Foto: Alexandra Rym\u0161\u00ednov\u00e1<br \/>\n<img fetchpriority=\"high\" decoding=\"async\" class=\"aligncenter size-full wp-image-7856\" src=\"http:\/\/www.bratislavadesignweek.sk\/wp-content\/uploads\/2018\/05\/2..jpg\" alt=\"\" width=\"3780\" height=\"3780\" srcset=\"https:\/\/www.bratislavadesignweek.sk\/wp-content\/uploads\/2018\/05\/2..jpg 3780w, https:\/\/www.bratislavadesignweek.sk\/wp-content\/uploads\/2018\/05\/2.-150x150.jpg 150w, https:\/\/www.bratislavadesignweek.sk\/wp-content\/uploads\/2018\/05\/2.-300x300.jpg 300w, https:\/\/www.bratislavadesignweek.sk\/wp-content\/uploads\/2018\/05\/2.-768x768.jpg 768w, https:\/\/www.bratislavadesignweek.sk\/wp-content\/uploads\/2018\/05\/2.-1024x1024.jpg 1024w, https:\/\/www.bratislavadesignweek.sk\/wp-content\/uploads\/2018\/05\/2.-1280x1280.jpg 1280w\" sizes=\"(max-width: 3780px) 100vw, 3780px\" \/><\/p>","protected":false},"excerpt":{"rendered":"<p>Manifestom slobody m\u00f4\u017ee by\u0165 aj hodv\u00e1bna \u0161atka, ktorej abstraktn\u00fd dez\u00e9n nab\u00e1da na variabiln\u00e9 vyu\u017eitie. Limitovan\u00e1 kolekcia \u0161iestich jedine\u010dn\u00fdch \u0161atiek \u00ab Hana\u00bb je in\u0161pirovan\u00e1 \u010desko-slovenskou legendou Hanou Hegerovou. Je tie\u017e s\u00fa\u010das\u0165ou kolekcie \u00ab R\u00e9volutionnaire \u00bb, v ktorej m\u00f3dny dizajn\u00e9r Marcel Holubec W. zobrazuje svoj n\u00e1h\u013ead na spojitosti a kontinuitu jemu bl\u00edzkych kraj\u00edn. \u0160atka rafinovane podtrh\u00e1va kr\u00e1su [&hellip;]<\/p>","protected":false},"author":2,"featured_media":7858,"comment_status":"closed","ping_status":"closed","sticky":false,"template":"","format":"standard","meta":{"footnotes":""},"categories":[634,896,809],"tags":[],"_links":{"self":[{"href":"https:\/\/www.bratislavadesignweek.sk\/en\/wp-json\/wp\/v2\/posts\/7855"}],"collection":[{"href":"https:\/\/www.bratislavadesignweek.sk\/en\/wp-json\/wp\/v2\/posts"}],"about":[{"href":"https:\/\/www.bratislavadesignweek.sk\/en\/wp-json\/wp\/v2\/types\/post"}],"author":[{"embeddable":true,"href":"https:\/\/www.bratislavadesignweek.sk\/en\/wp-json\/wp\/v2\/users\/2"}],"replies":[{"embeddable":true,"href":"https:\/\/www.bratislavadesignweek.sk\/en\/wp-json\/wp\/v2\/comments?post=7855"}],"version-history":[{"count":2,"href":"https:\/\/www.bratislavadesignweek.sk\/en\/wp-json\/wp\/v2\/posts\/7855\/revisions"}],"predecessor-version":[{"id":8030,"href":"https:\/\/www.bratislavadesignweek.sk\/en\/wp-json\/wp\/v2\/posts\/7855\/revisions\/8030"}],"wp:featuredmedia":[{"embeddable":true,"href":"https:\/\/www.bratislavadesignweek.sk\/en\/wp-json\/wp\/v2\/media\/7858"}],"wp:attachment":[{"href":"https:\/\/www.bratislavadesignweek.sk\/en\/wp-json\/wp\/v2\/media?parent=7855"}],"wp:term":[{"taxonomy":"category","embeddable":true,"href":"https:\/\/www.bratislavadesignweek.sk\/en\/wp-json\/wp\/v2\/categories?post=7855"},{"taxonomy":"post_tag","embeddable":true,"href":"https:\/\/www.bratislavadesignweek.sk\/en\/wp-json\/wp\/v2\/tags?post=7855"}],"curies":[{"name":"wp","href":"https:\/\/api.w.org\/{rel}","templated":true}]}}