{"id":7875,"date":"2018-05-28T11:13:18","date_gmt":"2018-05-28T10:13:18","guid":{"rendered":"http:\/\/www.bratislavadesignweek.sk\/?p=7875"},"modified":"2024-09-25T12:23:57","modified_gmt":"2024-09-25T10:23:57","slug":"michaela-bednarova-puojd-site-specific-instalacia-cerveny-koberec","status":"publish","type":"post","link":"https:\/\/www.bratislavadesignweek.sk\/en\/michaela-bednarova-puojd-site-specific-instalacia-cerveny-koberec\/","title":{"rendered":"Michaela Bedn\u00e1rov\u00e1 (Puojd) \/ Site specific in\u0161tal\u00e1cia \u010cerven\u00fd koberec"},"content":{"rendered":"<p>Interakt\u00edvna in\u0161tal\u00e1cia zna\u010dky textiln\u00e9ho dizajnu Puojd poz\u00fdva n\u00e1v\u0161tevn\u00edkov Design weeku na prehliadku toho najlep\u0161ieho zo sveta s\u00fa\u010dasn\u00e9ho dizajnu. Ak chcete vst\u00fapi\u0165, mus\u00edte \u0161liapnu\u0165 na ist\u00e9 ot\u00e1zky. Ako ve\u013emi hodnotn\u00e1 je dizajn\u00e9rska pr\u00e1ca? \u010cerven\u00fd koberec bol vytvoren\u00fd pod\u013ea n\u00e1vrhu dizajn\u00e9rky Michaely Bedn\u00e1rovej, ktor\u00e1 sa u\u017e 10 rokov vo vlastnej zna\u010dke Puojd venuje spracovaniu slovensk\u00fdch a symbolov a t\u00e9m. L\u00e1tka koberca bola vyroben\u00e1 od z\u00e1kladu technikou \u017eak\u00e1rov\u00e9ho tkania vo firme s dlhoro\u010dnou trad\u00edciou spracovania dekora\u010dn\u00fdch text\u00edli\u00ed.<\/p>\n<p>Prirodzen\u00fd pohyb n\u00e1v\u0161tevn\u00edkov po koberci symbolizuje, ako si v s\u00fa\u010dasnosti \u0161liapeme po svojej n\u00e1rodnej identite. Dovo\u013eujeme, aby nezdrav\u00fd nacionalizmus zneu\u017e\u00edval na\u0161e ofici\u00e1lne symboly, ktor\u00e9 by mali patri\u0165 ka\u017ed\u00e9mu ob\u010danovi Slovenska.<\/p>\n<p><strong>Miesto: Zoya Gallery, Vent\u00farska 1, vstupn\u00e9 schodisko<\/strong><\/p>\n<p><a href=\"http:\/\/www.puojd.sk\/\">http:\/\/www.puojd.sk\/<\/a><\/p>","protected":false},"excerpt":{"rendered":"<p>Interakt\u00edvna in\u0161tal\u00e1cia zna\u010dky textiln\u00e9ho dizajnu Puojd poz\u00fdva n\u00e1v\u0161tevn\u00edkov Design weeku na prehliadku toho najlep\u0161ieho zo sveta s\u00fa\u010dasn\u00e9ho dizajnu. Ak chcete vst\u00fapi\u0165, mus\u00edte \u0161liapnu\u0165 na ist\u00e9 ot\u00e1zky. Ako ve\u013emi hodnotn\u00e1 je dizajn\u00e9rska pr\u00e1ca? \u010cerven\u00fd koberec bol vytvoren\u00fd pod\u013ea n\u00e1vrhu dizajn\u00e9rky Michaely Bedn\u00e1rovej, ktor\u00e1 sa u\u017e 10 rokov vo vlastnej zna\u010dke Puojd venuje spracovaniu slovensk\u00fdch a symbolov [&hellip;]<\/p>","protected":false},"author":2,"featured_media":7876,"comment_status":"closed","ping_status":"closed","sticky":false,"template":"","format":"standard","meta":{"footnotes":""},"categories":[634,896],"tags":[],"_links":{"self":[{"href":"https:\/\/www.bratislavadesignweek.sk\/en\/wp-json\/wp\/v2\/posts\/7875"}],"collection":[{"href":"https:\/\/www.bratislavadesignweek.sk\/en\/wp-json\/wp\/v2\/posts"}],"about":[{"href":"https:\/\/www.bratislavadesignweek.sk\/en\/wp-json\/wp\/v2\/types\/post"}],"author":[{"embeddable":true,"href":"https:\/\/www.bratislavadesignweek.sk\/en\/wp-json\/wp\/v2\/users\/2"}],"replies":[{"embeddable":true,"href":"https:\/\/www.bratislavadesignweek.sk\/en\/wp-json\/wp\/v2\/comments?post=7875"}],"version-history":[{"count":3,"href":"https:\/\/www.bratislavadesignweek.sk\/en\/wp-json\/wp\/v2\/posts\/7875\/revisions"}],"predecessor-version":[{"id":7962,"href":"https:\/\/www.bratislavadesignweek.sk\/en\/wp-json\/wp\/v2\/posts\/7875\/revisions\/7962"}],"wp:featuredmedia":[{"embeddable":true,"href":"https:\/\/www.bratislavadesignweek.sk\/en\/wp-json\/wp\/v2\/media\/7876"}],"wp:attachment":[{"href":"https:\/\/www.bratislavadesignweek.sk\/en\/wp-json\/wp\/v2\/media?parent=7875"}],"wp:term":[{"taxonomy":"category","embeddable":true,"href":"https:\/\/www.bratislavadesignweek.sk\/en\/wp-json\/wp\/v2\/categories?post=7875"},{"taxonomy":"post_tag","embeddable":true,"href":"https:\/\/www.bratislavadesignweek.sk\/en\/wp-json\/wp\/v2\/tags?post=7875"}],"curies":[{"name":"wp","href":"https:\/\/api.w.org\/{rel}","templated":true}]}}