{"id":7880,"date":"2018-05-28T11:21:13","date_gmt":"2018-05-28T10:21:13","guid":{"rendered":"http:\/\/www.bratislavadesignweek.sk\/?p=7880"},"modified":"2024-09-25T12:23:57","modified_gmt":"2024-09-25T10:23:57","slug":"hana-zarubova-cz-vo-fashion-situacii-badw","status":"publish","type":"post","link":"https:\/\/www.bratislavadesignweek.sk\/en\/hana-zarubova-cz-vo-fashion-situacii-badw\/","title":{"rendered":"Hana Z\u00e1rubova (CZ) vo Fashion situ\u00e1cii BADW."},"content":{"rendered":"<p>Hana Z\u00e1rubov\u00e1 patr\u00ed medzi najre\u0161pektovanej\u0161ie \u010desk\u00e9 odevn\u00e9 dizajn\u00e9rky. Jej tvorba sa vyzna\u010duje ve\u013emi premyslen\u00fdmi, a\u017e architektonick\u00fdmi strihmi, minimalistickou farebnos\u0165ou, funk\u010dnos\u0165ou a\u00a0sofistikovanou v\u00fdslednou formou. Heslo jej ateli\u00e9ru je menej masovosti, viac individuality. Hana Z\u00e1rubov\u00e1 z\u00edskala u\u017e 2 x ocenenie Odevn\u00fd dizajn\u00e9r roka v\u00a0s\u00fa\u0165a\u017ei Czech Grand Design a\u00a0to v\u00a0roku 2010 a v roku 2012.Na BADW predstav\u00ed svoj Cr\u00e8me de la Cr\u00e8me: v\u00fdber z kolekci\u00ed A\/W 2016\/2017 &#8211; Amrum a A\/W 2017\/2018 2M2C v novom stylingu. Kombin\u00e1cia v\u00fdsostn\u00fdch zimn\u00fdch produktov s nad\u010dasov\u00fdmi \u0161atami, kombin\u00e1cie tepl\u00fdch materi\u00e1lov s ultralight l\u00e1tkami.<\/p>\n<p>http:\/\/www.hanazarubova.cz\/<\/p>\n<p>&nbsp;<\/p>\n<p><strong>Miesto: Sl\u00e1vnostn\u00e9 otvorenie BADW, 7. j\u00fana,\u00a0 Fashion situ\u00e1cia, Kostol Klarisky, Klarisk\u00e1 ul., 20.00<\/strong><\/p>\n<p><img fetchpriority=\"high\" decoding=\"async\" class=\"aligncenter size-full wp-image-7881\" src=\"http:\/\/www.bratislavadesignweek.sk\/wp-content\/uploads\/2018\/05\/1_2.jpg\" alt=\"\" width=\"1600\" height=\"2133\" srcset=\"https:\/\/www.bratislavadesignweek.sk\/wp-content\/uploads\/2018\/05\/1_2.jpg 1600w, https:\/\/www.bratislavadesignweek.sk\/wp-content\/uploads\/2018\/05\/1_2-225x300.jpg 225w, https:\/\/www.bratislavadesignweek.sk\/wp-content\/uploads\/2018\/05\/1_2-768x1024.jpg 768w, https:\/\/www.bratislavadesignweek.sk\/wp-content\/uploads\/2018\/05\/1_2-1280x1706.jpg 1280w\" sizes=\"(max-width: 1600px) 100vw, 1600px\" \/><\/p>","protected":false},"excerpt":{"rendered":"<p>Hana Z\u00e1rubov\u00e1 patr\u00ed medzi najre\u0161pektovanej\u0161ie \u010desk\u00e9 odevn\u00e9 dizajn\u00e9rky. Jej tvorba sa vyzna\u010duje ve\u013emi premyslen\u00fdmi, a\u017e architektonick\u00fdmi strihmi, minimalistickou farebnos\u0165ou, funk\u010dnos\u0165ou a\u00a0sofistikovanou v\u00fdslednou formou. Heslo jej ateli\u00e9ru je menej masovosti, viac individuality. Hana Z\u00e1rubov\u00e1 z\u00edskala u\u017e 2 x ocenenie Odevn\u00fd dizajn\u00e9r roka v\u00a0s\u00fa\u0165a\u017ei Czech Grand Design a\u00a0to v\u00a0roku 2010 a v roku 2012.Na BADW predstav\u00ed svoj [&hellip;]<\/p>","protected":false},"author":2,"featured_media":7882,"comment_status":"closed","ping_status":"closed","sticky":false,"template":"","format":"standard","meta":{"footnotes":""},"categories":[634,896],"tags":[],"_links":{"self":[{"href":"https:\/\/www.bratislavadesignweek.sk\/en\/wp-json\/wp\/v2\/posts\/7880"}],"collection":[{"href":"https:\/\/www.bratislavadesignweek.sk\/en\/wp-json\/wp\/v2\/posts"}],"about":[{"href":"https:\/\/www.bratislavadesignweek.sk\/en\/wp-json\/wp\/v2\/types\/post"}],"author":[{"embeddable":true,"href":"https:\/\/www.bratislavadesignweek.sk\/en\/wp-json\/wp\/v2\/users\/2"}],"replies":[{"embeddable":true,"href":"https:\/\/www.bratislavadesignweek.sk\/en\/wp-json\/wp\/v2\/comments?post=7880"}],"version-history":[{"count":1,"href":"https:\/\/www.bratislavadesignweek.sk\/en\/wp-json\/wp\/v2\/posts\/7880\/revisions"}],"predecessor-version":[{"id":7883,"href":"https:\/\/www.bratislavadesignweek.sk\/en\/wp-json\/wp\/v2\/posts\/7880\/revisions\/7883"}],"wp:featuredmedia":[{"embeddable":true,"href":"https:\/\/www.bratislavadesignweek.sk\/en\/wp-json\/wp\/v2\/media\/7882"}],"wp:attachment":[{"href":"https:\/\/www.bratislavadesignweek.sk\/en\/wp-json\/wp\/v2\/media?parent=7880"}],"wp:term":[{"taxonomy":"category","embeddable":true,"href":"https:\/\/www.bratislavadesignweek.sk\/en\/wp-json\/wp\/v2\/categories?post=7880"},{"taxonomy":"post_tag","embeddable":true,"href":"https:\/\/www.bratislavadesignweek.sk\/en\/wp-json\/wp\/v2\/tags?post=7880"}],"curies":[{"name":"wp","href":"https:\/\/api.w.org\/{rel}","templated":true}]}}