{"id":7895,"date":"2018-05-29T11:19:55","date_gmt":"2018-05-29T10:19:55","guid":{"rendered":"http:\/\/www.bratislavadesignweek.sk\/?p=7895"},"modified":"2024-09-25T12:23:57","modified_gmt":"2024-09-25T10:23:57","slug":"francesco-pace-tellurico","status":"publish","type":"post","link":"https:\/\/www.bratislavadesignweek.sk\/en\/francesco-pace-tellurico\/","title":{"rendered":"Tellurico"},"content":{"rendered":"<p>[vc_column_text pb_margin_bottom=&#8220;no&#8220; pb_border_bottom=&#8220;no&#8220; width=&#8220;1\/3&#8243; el_position=&#8220;first&#8220;]<\/p>\n<h2>Tellurio<\/h2>\n<p>Tellurico je p\u00f4vodom Talian z malej dedinky ne\u010faleko Neapola. Aktu\u00e1lne ale \u017eije v holandskom Eindhovene, kde \u0161tudoval kontextu\u00e1lny dizajn na DAE. P\u00f4vod je v jeho pr\u00edpade d\u00f4le\u017eit\u00fd, jeho talianska sk\u00fasenos\u0165 \u017eivota v bl\u00edzkosti akt\u00edvnej sopky ho priviedla k sk\u00famaniu mo\u017enost\u00ed jej vyu\u017eitia v dizajn\u00e9rskej pr\u00e1ci. V roku 2017 zalo\u017eil zna\u010dku Tellurico, pod ktorou tvor\u00ed. V Bratislave predstav\u00ed v premi\u00e9re nov\u00fa v\u00e1zu Stracciatella z porcel\u00e1novej hmoty a l\u00e1vov\u00fdch kame\u0148ov a uk\u00e1\u017eky vulkanick\u00e9ho glazovania, kde pou\u017e\u00edva l\u00e1vu ako keramick\u00fa glaz\u00faru.<\/p>\n<p><a href=\"https:\/\/l.facebook.com\/l.php?u=http%3A%2F%2Fwww.tellurico.com%2F&amp;h=ATNCQevR0Y2K6VukB9qFZokSVyptLQGiNsiBO4dWn7sBqI5m6aO99jT0pSXs4pRBHaYpPQpKU0exE11C2yXLCLF-0z4FVdqRSypnObmSyQWfBgBP-3SZ2nJl\" target=\"_blank\" rel=\"nofollow noopener noreferrer\" data-ft=\"{&quot;tn&quot;:&quot;-U&quot;}\" data-lynx-mode=\"asynclazy\">http:\/\/www.tellurico.com\/<\/a><\/p>\n<p>[\/vc_column_text] [vc_column_text pb_margin_bottom=&#8220;no&#8220; pb_border_bottom=&#8220;no&#8220; width=&#8220;1\/2&#8243; el_position=&#8220;last&#8220;]<\/p>\n<p>&nbsp;<\/p>\n<p><a href=\"http:\/\/www.bratislavadesignweek.sk\/wp-content\/uploads\/2018\/05\/Tellurico_photo\u00a9Fabrizio-Vatieri_Op\u2013Fot_HIGH_W3A5830.jpg\"><img fetchpriority=\"high\" decoding=\"async\" class=\"alignnone size-medium wp-image-7958\" src=\"http:\/\/www.bratislavadesignweek.sk\/wp-content\/uploads\/2018\/05\/Tellurico_photo\u00a9Fabrizio-Vatieri_Op\u2013Fot_HIGH_W3A5830-300x200.jpg\" alt=\"\" width=\"300\" height=\"200\" srcset=\"https:\/\/www.bratislavadesignweek.sk\/wp-content\/uploads\/2018\/05\/Tellurico_photo\u00a9Fabrizio-Vatieri_Op\u2013Fot_HIGH_W3A5830-300x200.jpg 300w, https:\/\/www.bratislavadesignweek.sk\/wp-content\/uploads\/2018\/05\/Tellurico_photo\u00a9Fabrizio-Vatieri_Op\u2013Fot_HIGH_W3A5830-768x512.jpg 768w, https:\/\/www.bratislavadesignweek.sk\/wp-content\/uploads\/2018\/05\/Tellurico_photo\u00a9Fabrizio-Vatieri_Op\u2013Fot_HIGH_W3A5830-1024x683.jpg 1024w, https:\/\/www.bratislavadesignweek.sk\/wp-content\/uploads\/2018\/05\/Tellurico_photo\u00a9Fabrizio-Vatieri_Op\u2013Fot_HIGH_W3A5830-1280x854.jpg 1280w\" sizes=\"(max-width: 300px) 100vw, 300px\" \/><\/a><\/p>\n<p>&nbsp;<\/p>\n<p>[\/vc_column_text]<\/p>","protected":false},"excerpt":{"rendered":"<p>[vc_column_text pb_margin_bottom=&#8220;no&#8220; pb_border_bottom=&#8220;no&#8220; width=&#8220;1\/3&#8243; el_position=&#8220;first&#8220;] Tellurio Tellurico je p\u00f4vodom Talian z malej dedinky ne\u010faleko Neapola. Aktu\u00e1lne ale \u017eije v holandskom Eindhovene, kde \u0161tudoval kontextu\u00e1lny dizajn na DAE. P\u00f4vod je v jeho pr\u00edpade d\u00f4le\u017eit\u00fd, jeho talianska sk\u00fasenos\u0165 \u017eivota v bl\u00edzkosti akt\u00edvnej sopky ho priviedla k sk\u00famaniu mo\u017enost\u00ed jej vyu\u017eitia v dizajn\u00e9rskej pr\u00e1ci. V roku 2017 zalo\u017eil [&hellip;]<\/p>","protected":false},"author":2,"featured_media":0,"comment_status":"closed","ping_status":"closed","sticky":false,"template":"","format":"standard","meta":{"footnotes":""},"categories":[634,896],"tags":[],"_links":{"self":[{"href":"https:\/\/www.bratislavadesignweek.sk\/en\/wp-json\/wp\/v2\/posts\/7895"}],"collection":[{"href":"https:\/\/www.bratislavadesignweek.sk\/en\/wp-json\/wp\/v2\/posts"}],"about":[{"href":"https:\/\/www.bratislavadesignweek.sk\/en\/wp-json\/wp\/v2\/types\/post"}],"author":[{"embeddable":true,"href":"https:\/\/www.bratislavadesignweek.sk\/en\/wp-json\/wp\/v2\/users\/2"}],"replies":[{"embeddable":true,"href":"https:\/\/www.bratislavadesignweek.sk\/en\/wp-json\/wp\/v2\/comments?post=7895"}],"version-history":[{"count":9,"href":"https:\/\/www.bratislavadesignweek.sk\/en\/wp-json\/wp\/v2\/posts\/7895\/revisions"}],"predecessor-version":[{"id":8205,"href":"https:\/\/www.bratislavadesignweek.sk\/en\/wp-json\/wp\/v2\/posts\/7895\/revisions\/8205"}],"wp:attachment":[{"href":"https:\/\/www.bratislavadesignweek.sk\/en\/wp-json\/wp\/v2\/media?parent=7895"}],"wp:term":[{"taxonomy":"category","embeddable":true,"href":"https:\/\/www.bratislavadesignweek.sk\/en\/wp-json\/wp\/v2\/categories?post=7895"},{"taxonomy":"post_tag","embeddable":true,"href":"https:\/\/www.bratislavadesignweek.sk\/en\/wp-json\/wp\/v2\/tags?post=7895"}],"curies":[{"name":"wp","href":"https:\/\/api.w.org\/{rel}","templated":true}]}}