{"id":7913,"date":"2018-05-30T12:25:10","date_gmt":"2018-05-30T11:25:10","guid":{"rendered":"http:\/\/www.bratislavadesignweek.sk\/?p=7913"},"modified":"2024-09-25T12:23:57","modified_gmt":"2024-09-25T10:23:57","slug":"fashion-situacia-badw","status":"publish","type":"post","link":"https:\/\/www.bratislavadesignweek.sk\/en\/fashion-situacia-badw\/","title":{"rendered":"Fashion situ\u00e1cia BADW"},"content":{"rendered":"<p>[vc_column_text pb_margin_bottom=&#8220;no&#8220; pb_border_bottom=&#8220;no&#8220; width=&#8220;1\/3&#8243; el_position=&#8220;first&#8220;]<\/p>\n<p><strong>Dizajn\u00e9rka Hana Z\u00e1rubov\u00e1 (CZ) a\u00a0Ter\u00e9zia Fe\u0148ov\u010d\u00edkov\u00e1 vo Fashion situ\u00e1cii na BADW 2018.<\/strong><\/p>\n<p>Progres\u00edvny fashion event otvor\u00ed medzin\u00e1rodn\u00fd festival s\u00fa\u010dasn\u00e9ho dizajnu Bratislava Design Week. Event, ktor\u00fd organiz\u00e1tori naz\u00fdvaj\u00fa <strong>Fashion situ\u00e1cia,<\/strong> prep\u00e1ja odevn\u00fd dizajn, live dj set a\u00a0v\u00fdstavn\u00fa architekt\u00faru, navrhnut\u00fa len pre toto podujatie. Event nadv\u00e4zuje na t\u00e9mu cel\u00e9ho festivalu, ktor\u00fdm je IDENTITA\u00a0 a\u00a0vznik\u00e1 v\u00a0spolupr\u00e1ci s\u00a0agent\u00farou Elite Models.<\/p>\n<p>V\u00a0gotickom Kostole Klarisky sa po\u010das neho predstavia mlad\u00e1 slovensk\u00e1 odevn\u00e1 dizajn\u00e9rka Ter\u00e9zia Fe\u0148ov\u010d\u00edkov\u00e1, v\u00ed\u0165azka kateg\u00f3rie Objav BADW Awards 2017 a\u00a0<strong>prv\u00fd kr\u00e1t na Slovensku aj etablovan\u00e1 \u010desk\u00e1 odevn\u00e1 dizajn\u00e9rka Hana Z\u00e1rubov\u00e1<\/strong>. Architekt\u00faru, ktor\u00e1 pracuje najm\u00e4 so svetlom, navrhla dizajn\u00e9rka Andrea \u010eurianov\u00e1 v\u00a0spolupr\u00e1ci s\u00a0NOISVIZION. Live DJ SET bude v\u00a0podan\u00ed Jimmiho P.<\/p>\n<p>&nbsp;<\/p>\n<p><strong>Term\u00edn konania: 7. j\u00fana 2018<\/strong><\/p>\n<p><strong>Kostol Klarisky, Klarisk\u00e1 ulica, 20.00<\/strong><\/p>\n<p>[\/vc_column_text] [vc_column_text pb_margin_bottom=&#8220;no&#8220; pb_border_bottom=&#8220;no&#8220; width=&#8220;1\/2&#8243; el_position=&#8220;last&#8220;]<\/p>\n<p><img fetchpriority=\"high\" decoding=\"async\" class=\"aligncenter size-full wp-image-7881\" src=\"http:\/\/www.bratislavadesignweek.sk\/wp-content\/uploads\/2018\/05\/1_2.jpg\" alt=\"\" width=\"1600\" height=\"2133\" srcset=\"https:\/\/www.bratislavadesignweek.sk\/wp-content\/uploads\/2018\/05\/1_2.jpg 1600w, https:\/\/www.bratislavadesignweek.sk\/wp-content\/uploads\/2018\/05\/1_2-225x300.jpg 225w, https:\/\/www.bratislavadesignweek.sk\/wp-content\/uploads\/2018\/05\/1_2-768x1024.jpg 768w, https:\/\/www.bratislavadesignweek.sk\/wp-content\/uploads\/2018\/05\/1_2-1280x1706.jpg 1280w\" sizes=\"(max-width: 1600px) 100vw, 1600px\" \/><\/p>\n<p><img decoding=\"async\" class=\"aligncenter size-full wp-image-7861\" src=\"http:\/\/www.bratislavadesignweek.sk\/wp-content\/uploads\/2018\/05\/7..jpg\" alt=\"\" width=\"5244\" height=\"3496\" srcset=\"https:\/\/www.bratislavadesignweek.sk\/wp-content\/uploads\/2018\/05\/7..jpg 5244w, https:\/\/www.bratislavadesignweek.sk\/wp-content\/uploads\/2018\/05\/7.-300x200.jpg 300w, https:\/\/www.bratislavadesignweek.sk\/wp-content\/uploads\/2018\/05\/7.-768x512.jpg 768w, https:\/\/www.bratislavadesignweek.sk\/wp-content\/uploads\/2018\/05\/7.-1024x683.jpg 1024w, https:\/\/www.bratislavadesignweek.sk\/wp-content\/uploads\/2018\/05\/7.-1280x853.jpg 1280w\" sizes=\"(max-width: 5244px) 100vw, 5244px\" \/><\/p>\n<p>&nbsp;<\/p>\n<p>[\/vc_column_text] [vc_column_text pb_margin_bottom=&#8220;no&#8220; pb_border_bottom=&#8220;no&#8220; width=&#8220;1\/2&#8243; el_position=&#8220;first last&#8220;]<\/p>\n<p>&nbsp;<\/p>\n<p><a href=\"http:\/\/www.bratislavadesignweek.sk\/wp-content\/uploads\/2013\/07\/Lutyk_ribbon_4.jpg\"><img decoding=\"async\" class=\"alignnone size-full wp-image-549\" src=\"http:\/\/www.bratislavadesignweek.sk\/wp-content\/uploads\/2013\/07\/Lutyk_ribbon_4.jpg\" alt=\"Lutyk_ribbon_4\" width=\"672\" height=\"448\" srcset=\"https:\/\/www.bratislavadesignweek.sk\/wp-content\/uploads\/2013\/07\/Lutyk_ribbon_4.jpg 672w, https:\/\/www.bratislavadesignweek.sk\/wp-content\/uploads\/2013\/07\/Lutyk_ribbon_4-300x200.jpg 300w, https:\/\/www.bratislavadesignweek.sk\/wp-content\/uploads\/2013\/07\/Lutyk_ribbon_4-1x1.jpg 1w\" sizes=\"(max-width: 672px) 100vw, 672px\" \/><\/a><\/p>\n<p>&nbsp;<\/p>\n<p>[\/vc_column_text]<\/p>","protected":false},"excerpt":{"rendered":"<p>[vc_column_text pb_margin_bottom=&#8220;no&#8220; pb_border_bottom=&#8220;no&#8220; width=&#8220;1\/3&#8243; el_position=&#8220;first&#8220;] Dizajn\u00e9rka Hana Z\u00e1rubov\u00e1 (CZ) a\u00a0Ter\u00e9zia Fe\u0148ov\u010d\u00edkov\u00e1 vo Fashion situ\u00e1cii na BADW 2018. Progres\u00edvny fashion event otvor\u00ed medzin\u00e1rodn\u00fd festival s\u00fa\u010dasn\u00e9ho dizajnu Bratislava Design Week. Event, ktor\u00fd organiz\u00e1tori naz\u00fdvaj\u00fa Fashion situ\u00e1cia, prep\u00e1ja odevn\u00fd dizajn, live dj set a\u00a0v\u00fdstavn\u00fa architekt\u00faru, navrhnut\u00fa len pre toto podujatie. Event nadv\u00e4zuje na t\u00e9mu cel\u00e9ho festivalu, ktor\u00fdm je [&hellip;]<\/p>","protected":false},"author":2,"featured_media":7881,"comment_status":"closed","ping_status":"closed","sticky":false,"template":"","format":"standard","meta":{"footnotes":""},"categories":[634,896],"tags":[],"_links":{"self":[{"href":"https:\/\/www.bratislavadesignweek.sk\/en\/wp-json\/wp\/v2\/posts\/7913"}],"collection":[{"href":"https:\/\/www.bratislavadesignweek.sk\/en\/wp-json\/wp\/v2\/posts"}],"about":[{"href":"https:\/\/www.bratislavadesignweek.sk\/en\/wp-json\/wp\/v2\/types\/post"}],"author":[{"embeddable":true,"href":"https:\/\/www.bratislavadesignweek.sk\/en\/wp-json\/wp\/v2\/users\/2"}],"replies":[{"embeddable":true,"href":"https:\/\/www.bratislavadesignweek.sk\/en\/wp-json\/wp\/v2\/comments?post=7913"}],"version-history":[{"count":1,"href":"https:\/\/www.bratislavadesignweek.sk\/en\/wp-json\/wp\/v2\/posts\/7913\/revisions"}],"predecessor-version":[{"id":7914,"href":"https:\/\/www.bratislavadesignweek.sk\/en\/wp-json\/wp\/v2\/posts\/7913\/revisions\/7914"}],"wp:featuredmedia":[{"embeddable":true,"href":"https:\/\/www.bratislavadesignweek.sk\/en\/wp-json\/wp\/v2\/media\/7881"}],"wp:attachment":[{"href":"https:\/\/www.bratislavadesignweek.sk\/en\/wp-json\/wp\/v2\/media?parent=7913"}],"wp:term":[{"taxonomy":"category","embeddable":true,"href":"https:\/\/www.bratislavadesignweek.sk\/en\/wp-json\/wp\/v2\/categories?post=7913"},{"taxonomy":"post_tag","embeddable":true,"href":"https:\/\/www.bratislavadesignweek.sk\/en\/wp-json\/wp\/v2\/tags?post=7913"}],"curies":[{"name":"wp","href":"https:\/\/api.w.org\/{rel}","templated":true}]}}