{"id":7915,"date":"2018-05-30T12:29:50","date_gmt":"2018-05-30T11:29:50","guid":{"rendered":"http:\/\/www.bratislavadesignweek.sk\/?p=7915"},"modified":"2024-09-25T12:23:57","modified_gmt":"2024-09-25T10:23:57","slug":"mimikry","status":"publish","type":"post","link":"https:\/\/www.bratislavadesignweek.sk\/en\/mimikry\/","title":{"rendered":"Katar\u00edna Siposova \/ Mimikry"},"content":{"rendered":"<p>[vc_column_text pb_margin_bottom=&#8220;no&#8220; pb_border_bottom=&#8220;no&#8220; width=&#8220;1\/3&#8243; el_position=&#8220;first&#8220;]<\/p>\n<p class=\"impact-text\">Mimikry<\/p>\n<p>&nbsp;<\/p>\n<p>Mo\u017eno uva\u017eova\u0165 o identite vo vz\u0165ahu k \u010dasu a priestor? Ako mesto reaguje na premenn\u00e9 identity doby a zachov\u00e1va si svoju autenticitu? M\u00f4\u017ee by\u0165 miesto metaforou meniacej sa identity spolo\u010dnosti alebo identity jednotlivca v nej? Vo dvore na Michalskej ulici sa pre div\u00e1ka odkr\u00fdva miesto, ktor\u00e9 sa p\u00fdta a vyz\u00fdva k akcii.<\/p>\n<p>[\/vc_column_text] [vc_column_text pb_margin_bottom=&#8220;no&#8220; pb_border_bottom=&#8220;no&#8220; width=&#8220;1\/2&#8243; el_position=&#8220;last&#8220;]<\/p>\n<p>&nbsp;<\/p>\n<p><img fetchpriority=\"high\" decoding=\"async\" class=\"aligncenter size-full wp-image-7916\" src=\"http:\/\/www.bratislavadesignweek.sk\/wp-content\/uploads\/2018\/05\/3..jpg\" alt=\"\" width=\"3311\" height=\"2483\" srcset=\"https:\/\/www.bratislavadesignweek.sk\/wp-content\/uploads\/2018\/05\/3..jpg 3311w, https:\/\/www.bratislavadesignweek.sk\/wp-content\/uploads\/2018\/05\/3.-300x225.jpg 300w, https:\/\/www.bratislavadesignweek.sk\/wp-content\/uploads\/2018\/05\/3.-768x576.jpg 768w, https:\/\/www.bratislavadesignweek.sk\/wp-content\/uploads\/2018\/05\/3.-1024x768.jpg 1024w, https:\/\/www.bratislavadesignweek.sk\/wp-content\/uploads\/2018\/05\/3.-94x70.jpg 94w, https:\/\/www.bratislavadesignweek.sk\/wp-content\/uploads\/2018\/05\/3.-600x450.jpg 600w, https:\/\/www.bratislavadesignweek.sk\/wp-content\/uploads\/2018\/05\/3.-900x675.jpg 900w, https:\/\/www.bratislavadesignweek.sk\/wp-content\/uploads\/2018\/05\/3.-1280x960.jpg 1280w\" sizes=\"(max-width: 3311px) 100vw, 3311px\" \/><\/p>\n<p>&nbsp;<\/p>\n<p>[\/vc_column_text]<\/p>","protected":false},"excerpt":{"rendered":"<p>[vc_column_text pb_margin_bottom=&#8220;no&#8220; pb_border_bottom=&#8220;no&#8220; width=&#8220;1\/3&#8243; el_position=&#8220;first&#8220;] Mimikry &nbsp; Mo\u017eno uva\u017eova\u0165 o identite vo vz\u0165ahu k \u010dasu a priestor? Ako mesto reaguje na premenn\u00e9 identity doby a zachov\u00e1va si svoju autenticitu? M\u00f4\u017ee by\u0165 miesto metaforou meniacej sa identity spolo\u010dnosti alebo identity jednotlivca v nej? Vo dvore na Michalskej ulici sa pre div\u00e1ka odkr\u00fdva miesto, ktor\u00e9 sa p\u00fdta [&hellip;]<\/p>","protected":false},"author":2,"featured_media":0,"comment_status":"closed","ping_status":"closed","sticky":false,"template":"","format":"standard","meta":{"footnotes":""},"categories":[634,896],"tags":[],"_links":{"self":[{"href":"https:\/\/www.bratislavadesignweek.sk\/en\/wp-json\/wp\/v2\/posts\/7915"}],"collection":[{"href":"https:\/\/www.bratislavadesignweek.sk\/en\/wp-json\/wp\/v2\/posts"}],"about":[{"href":"https:\/\/www.bratislavadesignweek.sk\/en\/wp-json\/wp\/v2\/types\/post"}],"author":[{"embeddable":true,"href":"https:\/\/www.bratislavadesignweek.sk\/en\/wp-json\/wp\/v2\/users\/2"}],"replies":[{"embeddable":true,"href":"https:\/\/www.bratislavadesignweek.sk\/en\/wp-json\/wp\/v2\/comments?post=7915"}],"version-history":[{"count":2,"href":"https:\/\/www.bratislavadesignweek.sk\/en\/wp-json\/wp\/v2\/posts\/7915\/revisions"}],"predecessor-version":[{"id":8083,"href":"https:\/\/www.bratislavadesignweek.sk\/en\/wp-json\/wp\/v2\/posts\/7915\/revisions\/8083"}],"wp:attachment":[{"href":"https:\/\/www.bratislavadesignweek.sk\/en\/wp-json\/wp\/v2\/media?parent=7915"}],"wp:term":[{"taxonomy":"category","embeddable":true,"href":"https:\/\/www.bratislavadesignweek.sk\/en\/wp-json\/wp\/v2\/categories?post=7915"},{"taxonomy":"post_tag","embeddable":true,"href":"https:\/\/www.bratislavadesignweek.sk\/en\/wp-json\/wp\/v2\/tags?post=7915"}],"curies":[{"name":"wp","href":"https:\/\/api.w.org\/{rel}","templated":true}]}}