{"id":7925,"date":"2018-05-30T14:19:39","date_gmt":"2018-05-30T13:19:39","guid":{"rendered":"http:\/\/www.bratislavadesignweek.sk\/?p=7925"},"modified":"2024-09-25T12:23:57","modified_gmt":"2024-09-25T10:23:57","slug":"kristyna-spanihelova","status":"publish","type":"post","link":"https:\/\/www.bratislavadesignweek.sk\/en\/kristyna-spanihelova\/","title":{"rendered":"Krist\u00fdna \u0160panihelov\u00e1"},"content":{"rendered":"<p>[vc_column_text pb_margin_bottom=&#8220;no&#8220; pb_border_bottom=&#8220;no&#8220; width=&#8220;1\/3&#8243; el_position=&#8220;first&#8220;]<\/p>\n<p>&nbsp;<\/p>\n<h2>Krist\u00fdna \u0160panihelov\u00e1<\/h2>\n<h5>GALACITY<\/h5>\n<p>&nbsp;<\/p>\n<p>Krist\u00fdna will present her new jewellery and object collection \"GALACITY\". (lat. GALA - MILK) The process of creation was a bit of alchemy, where she intuitively played with the produced milky substance, in which different associations and contents that are connected to them are mixed. She creates a dialogue with the material that encourages existential reflection and confrontation with our own corporeality, with our being and identity. It considers materiality as the true essence of our physical self. It attempts to understand man's relationship to the material, his emotions and their interconnectedness. It asks questions about the real social values of materials and things and their transience.<\/p>\n<p>&nbsp;<\/p>\n<p>[\/vc_column_text] [vc_column_text pb_margin_bottom=&#8220;no&#8220; pb_border_bottom=&#8220;no&#8220; width=&#8220;1\/2&#8243; el_position=&#8220;last&#8220;]<\/p>\n<p>&nbsp;<\/p>\n<p><a href=\"http:\/\/www.bratislavadesignweek.sk\/wp-content\/uploads\/2018\/05\/MG_0077-2.jpg\"><img fetchpriority=\"high\" decoding=\"async\" class=\"alignnone size-medium wp-image-7929\" src=\"http:\/\/www.bratislavadesignweek.sk\/wp-content\/uploads\/2018\/05\/MG_0077-2-300x295.jpg\" alt=\"\" width=\"300\" height=\"295\" srcset=\"https:\/\/www.bratislavadesignweek.sk\/wp-content\/uploads\/2018\/05\/MG_0077-2-300x295.jpg 300w, https:\/\/www.bratislavadesignweek.sk\/wp-content\/uploads\/2018\/05\/MG_0077-2-768x755.jpg 768w, https:\/\/www.bratislavadesignweek.sk\/wp-content\/uploads\/2018\/05\/MG_0077-2-1024x1006.jpg 1024w, https:\/\/www.bratislavadesignweek.sk\/wp-content\/uploads\/2018\/05\/MG_0077-2-1280x1258.jpg 1280w\" sizes=\"(max-width: 300px) 100vw, 300px\" \/><\/a> <a href=\"http:\/\/www.bratislavadesignweek.sk\/wp-content\/uploads\/2018\/05\/MG_0079.jpg\"><img decoding=\"async\" class=\"alignnone size-medium wp-image-7930\" src=\"http:\/\/www.bratislavadesignweek.sk\/wp-content\/uploads\/2018\/05\/MG_0079-300x198.jpg\" alt=\"\" width=\"300\" height=\"198\" srcset=\"https:\/\/www.bratislavadesignweek.sk\/wp-content\/uploads\/2018\/05\/MG_0079-300x198.jpg 300w, https:\/\/www.bratislavadesignweek.sk\/wp-content\/uploads\/2018\/05\/MG_0079-768x506.jpg 768w, https:\/\/www.bratislavadesignweek.sk\/wp-content\/uploads\/2018\/05\/MG_0079-1024x675.jpg 1024w, https:\/\/www.bratislavadesignweek.sk\/wp-content\/uploads\/2018\/05\/MG_0079-1280x844.jpg 1280w\" sizes=\"(max-width: 300px) 100vw, 300px\" \/><\/a> <a href=\"http:\/\/www.bratislavadesignweek.sk\/wp-content\/uploads\/2018\/05\/MG_0084.jpg\"><img decoding=\"async\" class=\"alignnone size-medium wp-image-7931\" src=\"http:\/\/www.bratislavadesignweek.sk\/wp-content\/uploads\/2018\/05\/MG_0084-300x273.jpg\" alt=\"\" width=\"300\" height=\"273\" srcset=\"https:\/\/www.bratislavadesignweek.sk\/wp-content\/uploads\/2018\/05\/MG_0084-300x273.jpg 300w, https:\/\/www.bratislavadesignweek.sk\/wp-content\/uploads\/2018\/05\/MG_0084-768x699.jpg 768w, https:\/\/www.bratislavadesignweek.sk\/wp-content\/uploads\/2018\/05\/MG_0084-1024x932.jpg 1024w, https:\/\/www.bratislavadesignweek.sk\/wp-content\/uploads\/2018\/05\/MG_0084-1280x1165.jpg 1280w\" sizes=\"(max-width: 300px) 100vw, 300px\" \/><\/a> <a href=\"http:\/\/www.bratislavadesignweek.sk\/wp-content\/uploads\/2018\/05\/MG_0090.jpg\"><img loading=\"lazy\" decoding=\"async\" class=\"alignnone size-medium wp-image-7932\" src=\"http:\/\/www.bratislavadesignweek.sk\/wp-content\/uploads\/2018\/05\/MG_0090-239x300.jpg\" alt=\"\" width=\"239\" height=\"300\" srcset=\"https:\/\/www.bratislavadesignweek.sk\/wp-content\/uploads\/2018\/05\/MG_0090-239x300.jpg 239w, https:\/\/www.bratislavadesignweek.sk\/wp-content\/uploads\/2018\/05\/MG_0090-768x964.jpg 768w, https:\/\/www.bratislavadesignweek.sk\/wp-content\/uploads\/2018\/05\/MG_0090-816x1024.jpg 816w, https:\/\/www.bratislavadesignweek.sk\/wp-content\/uploads\/2018\/05\/MG_0090-1280x1607.jpg 1280w\" sizes=\"(max-width: 239px) 100vw, 239px\" \/><\/a> <a href=\"http:\/\/www.bratislavadesignweek.sk\/wp-content\/uploads\/2018\/05\/MG_0104.jpg\"><img loading=\"lazy\" decoding=\"async\" class=\"alignnone size-medium wp-image-7933\" src=\"http:\/\/www.bratislavadesignweek.sk\/wp-content\/uploads\/2018\/05\/MG_0104-221x300.jpg\" alt=\"\" width=\"221\" height=\"300\" srcset=\"https:\/\/www.bratislavadesignweek.sk\/wp-content\/uploads\/2018\/05\/MG_0104-221x300.jpg 221w, https:\/\/www.bratislavadesignweek.sk\/wp-content\/uploads\/2018\/05\/MG_0104-768x1041.jpg 768w, https:\/\/www.bratislavadesignweek.sk\/wp-content\/uploads\/2018\/05\/MG_0104-756x1024.jpg 756w, https:\/\/www.bratislavadesignweek.sk\/wp-content\/uploads\/2018\/05\/MG_0104-1280x1735.jpg 1280w\" sizes=\"(max-width: 221px) 100vw, 221px\" \/><\/a> <a href=\"http:\/\/www.bratislavadesignweek.sk\/wp-content\/uploads\/2018\/05\/MG_0111.jpg\"><img loading=\"lazy\" decoding=\"async\" class=\"alignnone size-medium wp-image-7934\" src=\"http:\/\/www.bratislavadesignweek.sk\/wp-content\/uploads\/2018\/05\/MG_0111-226x300.jpg\" alt=\"\" width=\"226\" height=\"300\" srcset=\"https:\/\/www.bratislavadesignweek.sk\/wp-content\/uploads\/2018\/05\/MG_0111-226x300.jpg 226w, https:\/\/www.bratislavadesignweek.sk\/wp-content\/uploads\/2018\/05\/MG_0111-768x1020.jpg 768w, https:\/\/www.bratislavadesignweek.sk\/wp-content\/uploads\/2018\/05\/MG_0111-771x1024.jpg 771w, https:\/\/www.bratislavadesignweek.sk\/wp-content\/uploads\/2018\/05\/MG_0111-1280x1700.jpg 1280w\" sizes=\"(max-width: 226px) 100vw, 226px\" \/><\/a> <a href=\"http:\/\/www.bratislavadesignweek.sk\/wp-content\/uploads\/2018\/05\/MG_0124.jpg\"><img loading=\"lazy\" decoding=\"async\" class=\"alignnone size-medium wp-image-7935\" src=\"http:\/\/www.bratislavadesignweek.sk\/wp-content\/uploads\/2018\/05\/MG_0124-300x192.jpg\" alt=\"\" width=\"300\" height=\"192\" srcset=\"https:\/\/www.bratislavadesignweek.sk\/wp-content\/uploads\/2018\/05\/MG_0124-300x192.jpg 300w, https:\/\/www.bratislavadesignweek.sk\/wp-content\/uploads\/2018\/05\/MG_0124-768x491.jpg 768w, https:\/\/www.bratislavadesignweek.sk\/wp-content\/uploads\/2018\/05\/MG_0124-1024x655.jpg 1024w, https:\/\/www.bratislavadesignweek.sk\/wp-content\/uploads\/2018\/05\/MG_0124-1280x819.jpg 1280w\" sizes=\"(max-width: 300px) 100vw, 300px\" \/><\/a><\/p>\n<p>&nbsp;<\/p>\n<p>[\/vc_column_text]<\/p>","protected":false},"excerpt":{"rendered":"<p>[vc_column_text pb_margin_bottom=&#8220;no&#8220; pb_border_bottom=&#8220;no&#8220; width=&#8220;1\/3&#8243; el_position=&#8220;first&#8220;] &nbsp; Krist\u00fdna \u0160panihelov\u00e1 GALACITY &nbsp; Krist\u00fdna predstav\u00ed\u00a0 svoju nov\u00fa kolekciu \u0161perku a objektu \u00a0\u201eGALACITY\u201c. (lat. GALA \u2013 MLIEKO) Proces tvorby bol tak trochu alch\u00fdmiou, kde sa intuit\u00edvne pohr\u00e1vala z\u00a0vyrobenou mlie\u010dnou hmotou, v\u00a0ktorej sa mie\u0161aj\u00fa r\u00f4zne asoci\u00e1cie a obsahy, ktor\u00e9 sa k\u00a0nim via\u017eu. Vytv\u00e1ra dial\u00f3g s\u00a0hmotou, ktor\u00e1 nab\u00e1da na existenci\u00e1lne \u00favahy [&hellip;]<\/p>","protected":false},"author":8,"featured_media":0,"comment_status":"closed","ping_status":"closed","sticky":false,"template":"","format":"standard","meta":{"footnotes":""},"categories":[634,896],"tags":[],"_links":{"self":[{"href":"https:\/\/www.bratislavadesignweek.sk\/en\/wp-json\/wp\/v2\/posts\/7925"}],"collection":[{"href":"https:\/\/www.bratislavadesignweek.sk\/en\/wp-json\/wp\/v2\/posts"}],"about":[{"href":"https:\/\/www.bratislavadesignweek.sk\/en\/wp-json\/wp\/v2\/types\/post"}],"author":[{"embeddable":true,"href":"https:\/\/www.bratislavadesignweek.sk\/en\/wp-json\/wp\/v2\/users\/8"}],"replies":[{"embeddable":true,"href":"https:\/\/www.bratislavadesignweek.sk\/en\/wp-json\/wp\/v2\/comments?post=7925"}],"version-history":[{"count":2,"href":"https:\/\/www.bratislavadesignweek.sk\/en\/wp-json\/wp\/v2\/posts\/7925\/revisions"}],"predecessor-version":[{"id":7938,"href":"https:\/\/www.bratislavadesignweek.sk\/en\/wp-json\/wp\/v2\/posts\/7925\/revisions\/7938"}],"wp:attachment":[{"href":"https:\/\/www.bratislavadesignweek.sk\/en\/wp-json\/wp\/v2\/media?parent=7925"}],"wp:term":[{"taxonomy":"category","embeddable":true,"href":"https:\/\/www.bratislavadesignweek.sk\/en\/wp-json\/wp\/v2\/categories?post=7925"},{"taxonomy":"post_tag","embeddable":true,"href":"https:\/\/www.bratislavadesignweek.sk\/en\/wp-json\/wp\/v2\/tags?post=7925"}],"curies":[{"name":"wp","href":"https:\/\/api.w.org\/{rel}","templated":true}]}}