{"id":7939,"date":"2018-05-30T14:37:51","date_gmt":"2018-05-30T13:37:51","guid":{"rendered":"http:\/\/www.bratislavadesignweek.sk\/?p=7939"},"modified":"2024-09-25T12:23:57","modified_gmt":"2024-09-25T10:23:57","slug":"michaela-bednarova-puojd","status":"publish","type":"post","link":"https:\/\/www.bratislavadesignweek.sk\/en\/michaela-bednarova-puojd\/","title":{"rendered":"Michaela Bedn\u00e1rov\u00e1\/ Pu\u00f4jd"},"content":{"rendered":"<p>[vc_column_text pb_margin_bottom=&#8220;no&#8220; pb_border_bottom=&#8220;no&#8220; width=&#8220;1\/3&#8243; el_position=&#8220;first&#8220;]<\/p>\n<p>An interactive installation of the Pu\u00f4jd textile design company is happy to invite the visitors of the Design Week to an overview of the best of the best of the world of contemporary design. If you want to enter, you will necessary come across some questions (stepping on them quite literally). How valuable is the work of designers? The red carpet was designed by Michaela Bedn\u00e1rov\u00e1, a designer who has been tackling the Slovak symbols and themes in her own brand Pu\u00f4jd for 10 years. The carpet fabric was created from scratch using the technology of jacquard weaving in a company with a\u00a0long-term tradition of processing of decoration textiles.<\/p>\n<p>The natural motion of visitors on the carpet symbolises the way we now trample our national identity, allowing thus unsound nationalism to take advantage of our official symbols that should belong to every citizen of Slovakia.<\/p>\n<p>Venue: Zoya Gallery,Vent\u00farska 1, entrance staircase<\/p>\n<p>&nbsp;<\/p>\n<p>[\/vc_column_text] [vc_column_text pb_margin_bottom=&#8220;no&#8220; pb_border_bottom=&#8220;no&#8220; width=&#8220;1\/2&#8243; el_position=&#8220;last&#8220;]<\/p>\n<p>&nbsp;<\/p>\n<p><a href=\"http:\/\/www.bratislavadesignweek.sk\/wp-content\/uploads\/2018\/05\/cerveny-koberec-male.jpg\"><img fetchpriority=\"high\" decoding=\"async\" class=\"alignnone size-medium wp-image-7876\" src=\"http:\/\/www.bratislavadesignweek.sk\/wp-content\/uploads\/2018\/05\/cerveny-koberec-male-300x200.jpg\" alt=\"\" width=\"300\" height=\"200\" srcset=\"https:\/\/www.bratislavadesignweek.sk\/wp-content\/uploads\/2018\/05\/cerveny-koberec-male-300x200.jpg 300w, https:\/\/www.bratislavadesignweek.sk\/wp-content\/uploads\/2018\/05\/cerveny-koberec-male.jpg 640w\" sizes=\"(max-width: 300px) 100vw, 300px\" \/><\/a><\/p>\n<p>&nbsp;<\/p>\n<p>[\/vc_column_text]<\/p>","protected":false},"excerpt":{"rendered":"<p>[vc_column_text pb_margin_bottom=&#8220;no&#8220; pb_border_bottom=&#8220;no&#8220; width=&#8220;1\/3&#8243; el_position=&#8220;first&#8220;] An interactive installation of the Pu\u00f4jd textile design company is happy to invite the visitors of the Design Week to an overview of the best of the best of the world of contemporary design. If you want to enter, you will necessary come across some questions (stepping on them quite [&hellip;]<\/p>","protected":false},"author":8,"featured_media":0,"comment_status":"closed","ping_status":"closed","sticky":false,"template":"","format":"standard","meta":{"footnotes":""},"categories":[896,786],"tags":[],"_links":{"self":[{"href":"https:\/\/www.bratislavadesignweek.sk\/en\/wp-json\/wp\/v2\/posts\/7939"}],"collection":[{"href":"https:\/\/www.bratislavadesignweek.sk\/en\/wp-json\/wp\/v2\/posts"}],"about":[{"href":"https:\/\/www.bratislavadesignweek.sk\/en\/wp-json\/wp\/v2\/types\/post"}],"author":[{"embeddable":true,"href":"https:\/\/www.bratislavadesignweek.sk\/en\/wp-json\/wp\/v2\/users\/8"}],"replies":[{"embeddable":true,"href":"https:\/\/www.bratislavadesignweek.sk\/en\/wp-json\/wp\/v2\/comments?post=7939"}],"version-history":[{"count":1,"href":"https:\/\/www.bratislavadesignweek.sk\/en\/wp-json\/wp\/v2\/posts\/7939\/revisions"}],"predecessor-version":[{"id":7940,"href":"https:\/\/www.bratislavadesignweek.sk\/en\/wp-json\/wp\/v2\/posts\/7939\/revisions\/7940"}],"wp:attachment":[{"href":"https:\/\/www.bratislavadesignweek.sk\/en\/wp-json\/wp\/v2\/media?parent=7939"}],"wp:term":[{"taxonomy":"category","embeddable":true,"href":"https:\/\/www.bratislavadesignweek.sk\/en\/wp-json\/wp\/v2\/categories?post=7939"},{"taxonomy":"post_tag","embeddable":true,"href":"https:\/\/www.bratislavadesignweek.sk\/en\/wp-json\/wp\/v2\/tags?post=7939"}],"curies":[{"name":"wp","href":"https:\/\/api.w.org\/{rel}","templated":true}]}}