{"id":7971,"date":"2018-06-03T20:54:46","date_gmt":"2018-06-03T19:54:46","guid":{"rendered":"http:\/\/www.bratislavadesignweek.sk\/?p=7971"},"modified":"2024-09-25T12:24:23","modified_gmt":"2024-09-25T10:24:23","slug":"tri-v-jednom-rovina","status":"publish","type":"post","link":"https:\/\/www.bratislavadesignweek.sk\/en\/tri-v-jednom-rovina\/","title":{"rendered":"Tri v jednom \/ Rovina"},"content":{"rendered":"<p>[vc_column_text pb_margin_bottom=&#8220;no&#8220; pb_border_bottom=&#8220;no&#8220; width=&#8220;1\/3&#8243; el_position=&#8220;first last&#8220;]<\/p>\n<p class=\"impact-text\">Tri v jednom \/ Rovina<\/p>\n<div><\/div>\n<div>Sna\u017e\u00edme sa o d\u00f4slednos\u0165. Nem\u00e1me predvolen\u00e9 k\u013e\u00fa\u010dov\u00e9 slov\u00e1, ktor\u00fdmi by sa na\u0161e realiz\u00e1cie mali riadi\u0165, ale v\u017edy ke\u010f sa nie\u010d\u00edm zaober\u00e1me, rob\u00edme to do d\u00f4sledkov. Pozreli sme sa na st\u00f4l ako funk\u010dn\u00fd objekt, ktor\u00e9ho z\u00e1kladom je rovina. Plocha, ktor\u00fa pova\u017eujeme za rovn\u00fa pokia\u013e ju nepodrob\u00edme meraniu. V na\u0161om pr\u00edpade je to doska stola, vz\u0165ahuj\u00faca sa k\u00a0miestu, kde je st\u00f4l in\u0161talovan\u00fd.\u00a0Pr\u00e1ve \u201ctu a teraz\u201d bude mo\u017en\u00e9 d\u00edva\u0165 sa na rovinu bez odch\u00fdlky. Rovina ako pragmatick\u00fd atrib\u00fat sa vo svojej d\u00f4slednosti st\u00e1va poetick\u00fdm rozmarom.<\/div>\n<p>&nbsp;<\/p>\n<p>&nbsp;<\/p>\n<p>[button colour=&#8220;grey&#8220; type=&#8220;0&#8243; size=&#8220;small&#8220; link=&#8220;SEM LINK NA WEB AJ S HTTP&#8220; target=&#8220;_self&#8220;]SEM TEXT TLACIDLA[\/button]<\/p>\n<p>[\/vc_column_text]<\/p>","protected":false},"excerpt":{"rendered":"<p>[vc_column_text pb_margin_bottom=&#8220;no&#8220; pb_border_bottom=&#8220;no&#8220; width=&#8220;1\/3&#8243; el_position=&#8220;first last&#8220;] Tri v jednom \/ Rovina Sna\u017e\u00edme sa o d\u00f4slednos\u0165. Nem\u00e1me predvolen\u00e9 k\u013e\u00fa\u010dov\u00e9 slov\u00e1, ktor\u00fdmi by sa na\u0161e realiz\u00e1cie mali riadi\u0165, ale v\u017edy ke\u010f sa nie\u010d\u00edm zaober\u00e1me, rob\u00edme to do d\u00f4sledkov. Pozreli sme sa na st\u00f4l ako funk\u010dn\u00fd objekt, ktor\u00e9ho z\u00e1kladom je rovina. Plocha, ktor\u00fa pova\u017eujeme za rovn\u00fa pokia\u013e ju [&hellip;]<\/p>","protected":false},"author":2,"featured_media":7972,"comment_status":"closed","ping_status":"closed","sticky":false,"template":"","format":"standard","meta":{"footnotes":""},"categories":[634,896],"tags":[],"_links":{"self":[{"href":"https:\/\/www.bratislavadesignweek.sk\/en\/wp-json\/wp\/v2\/posts\/7971"}],"collection":[{"href":"https:\/\/www.bratislavadesignweek.sk\/en\/wp-json\/wp\/v2\/posts"}],"about":[{"href":"https:\/\/www.bratislavadesignweek.sk\/en\/wp-json\/wp\/v2\/types\/post"}],"author":[{"embeddable":true,"href":"https:\/\/www.bratislavadesignweek.sk\/en\/wp-json\/wp\/v2\/users\/2"}],"replies":[{"embeddable":true,"href":"https:\/\/www.bratislavadesignweek.sk\/en\/wp-json\/wp\/v2\/comments?post=7971"}],"version-history":[{"count":2,"href":"https:\/\/www.bratislavadesignweek.sk\/en\/wp-json\/wp\/v2\/posts\/7971\/revisions"}],"predecessor-version":[{"id":7974,"href":"https:\/\/www.bratislavadesignweek.sk\/en\/wp-json\/wp\/v2\/posts\/7971\/revisions\/7974"}],"wp:featuredmedia":[{"embeddable":true,"href":"https:\/\/www.bratislavadesignweek.sk\/en\/wp-json\/wp\/v2\/media\/7972"}],"wp:attachment":[{"href":"https:\/\/www.bratislavadesignweek.sk\/en\/wp-json\/wp\/v2\/media?parent=7971"}],"wp:term":[{"taxonomy":"category","embeddable":true,"href":"https:\/\/www.bratislavadesignweek.sk\/en\/wp-json\/wp\/v2\/categories?post=7971"},{"taxonomy":"post_tag","embeddable":true,"href":"https:\/\/www.bratislavadesignweek.sk\/en\/wp-json\/wp\/v2\/tags?post=7971"}],"curies":[{"name":"wp","href":"https:\/\/api.w.org\/{rel}","templated":true}]}}