{"id":7975,"date":"2018-06-03T21:00:43","date_gmt":"2018-06-03T20:00:43","guid":{"rendered":"http:\/\/www.bratislavadesignweek.sk\/?p=7975"},"modified":"2024-09-25T12:24:23","modified_gmt":"2024-09-25T10:24:23","slug":"silva-lovasova-luster","status":"publish","type":"post","link":"https:\/\/www.bratislavadesignweek.sk\/en\/silva-lovasova-luster\/","title":{"rendered":"Silva Lovasov\u00e1 \/ Luster"},"content":{"rendered":"<p>[vc_column_text pb_margin_bottom=&#8220;no&#8220; pb_border_bottom=&#8220;no&#8220; width=&#8220;1\/3&#8243; el_position=&#8220;first last&#8220;]<\/p>\n<p>Silva Lovasov\u00e1 \/ Luster<\/p>\n<div>S\u00e9ria svietidiel je v\u00fdsledkom experimentu s mo\u017enos\u0165ami 3d tla\u010de, ktor\u00fd odch\u00fdlku vo fyzickom objekte od jeho digit\u00e1lnej predlohy povy\u0161uje na v\u00fdhodu. Chyba je v tomto pr\u00edpade cie\u013eom a nie nehodou, z\u00e1kladn\u00fdm form\u00e1lnym prvkom, ktor\u00fd zadefinoval funkciu produktu. Svietidl\u00e1, ktor\u00e9 padaj\u00facimi vrstvami materi\u00e1lu odkazuj\u00fa ku klasick\u00fdm lustrom, s\u00fa vytla\u010den\u00e9 v jednom kuse z materi\u00e1lu ASA.<\/div>\n<div><\/div>\n<div>N\u00e1jdete v Sl\u00e1vica, Laurinsk\u00e1 19<\/div>\n<div><\/div>\n<div><\/div>\n<p>[\/vc_column_text]<\/p>","protected":false},"excerpt":{"rendered":"<p>[vc_column_text pb_margin_bottom=&#8220;no&#8220; pb_border_bottom=&#8220;no&#8220; width=&#8220;1\/3&#8243; el_position=&#8220;first last&#8220;] Silva Lovasov\u00e1 \/ Luster S\u00e9ria svietidiel je v\u00fdsledkom experimentu s mo\u017enos\u0165ami 3d tla\u010de, ktor\u00fd odch\u00fdlku vo fyzickom objekte od jeho digit\u00e1lnej predlohy povy\u0161uje na v\u00fdhodu. Chyba je v tomto pr\u00edpade cie\u013eom a nie nehodou, z\u00e1kladn\u00fdm form\u00e1lnym prvkom, ktor\u00fd zadefinoval funkciu produktu. Svietidl\u00e1, ktor\u00e9 padaj\u00facimi vrstvami materi\u00e1lu odkazuj\u00fa ku klasick\u00fdm [&hellip;]<\/p>","protected":false},"author":2,"featured_media":7976,"comment_status":"closed","ping_status":"closed","sticky":false,"template":"","format":"standard","meta":{"footnotes":""},"categories":[634,896],"tags":[],"_links":{"self":[{"href":"https:\/\/www.bratislavadesignweek.sk\/en\/wp-json\/wp\/v2\/posts\/7975"}],"collection":[{"href":"https:\/\/www.bratislavadesignweek.sk\/en\/wp-json\/wp\/v2\/posts"}],"about":[{"href":"https:\/\/www.bratislavadesignweek.sk\/en\/wp-json\/wp\/v2\/types\/post"}],"author":[{"embeddable":true,"href":"https:\/\/www.bratislavadesignweek.sk\/en\/wp-json\/wp\/v2\/users\/2"}],"replies":[{"embeddable":true,"href":"https:\/\/www.bratislavadesignweek.sk\/en\/wp-json\/wp\/v2\/comments?post=7975"}],"version-history":[{"count":1,"href":"https:\/\/www.bratislavadesignweek.sk\/en\/wp-json\/wp\/v2\/posts\/7975\/revisions"}],"predecessor-version":[{"id":7977,"href":"https:\/\/www.bratislavadesignweek.sk\/en\/wp-json\/wp\/v2\/posts\/7975\/revisions\/7977"}],"wp:featuredmedia":[{"embeddable":true,"href":"https:\/\/www.bratislavadesignweek.sk\/en\/wp-json\/wp\/v2\/media\/7976"}],"wp:attachment":[{"href":"https:\/\/www.bratislavadesignweek.sk\/en\/wp-json\/wp\/v2\/media?parent=7975"}],"wp:term":[{"taxonomy":"category","embeddable":true,"href":"https:\/\/www.bratislavadesignweek.sk\/en\/wp-json\/wp\/v2\/categories?post=7975"},{"taxonomy":"post_tag","embeddable":true,"href":"https:\/\/www.bratislavadesignweek.sk\/en\/wp-json\/wp\/v2\/tags?post=7975"}],"curies":[{"name":"wp","href":"https:\/\/api.w.org\/{rel}","templated":true}]}}