{"id":7978,"date":"2018-06-03T21:09:29","date_gmt":"2018-06-03T20:09:29","guid":{"rendered":"http:\/\/www.bratislavadesignweek.sk\/?p=7978"},"modified":"2024-09-25T12:24:23","modified_gmt":"2024-09-25T10:24:23","slug":"atelier-116","status":"publish","type":"post","link":"https:\/\/www.bratislavadesignweek.sk\/en\/atelier-116\/","title":{"rendered":"Ateli\u00e9r 116"},"content":{"rendered":"<p>[vc_column_text pb_margin_bottom=&#8220;no&#8220; pb_border_bottom=&#8220;no&#8220; width=&#8220;1\/3&#8243; el_position=&#8220;first&#8220;]<\/p>\n<p class=\"impact-text\">Ateli\u00e9r 116<\/p>\n<p>Ateli\u00e9r transport dizajnu vystavuje najlep\u0161ie \u0161tudentsk\u00e9 pr\u00e1ce za posledn\u00e9 dva roky. Vladim\u00edr Boro\u0148, Jaroslav Kormanec, Bc. Art. Filip \u010cech, Bc. Art. Yaraslau Vaida a Mgr. Art. \u017dofia Bab\u010danov\u00e1 predstavia svoje najnov\u0161ie projekty. Modely vznikli na p\u00f4de V\u0160VU, reflektuj\u00fa rozdielne pr\u00edstupy \u0161tudentov k transport dizajnu a problematike dopravy, urbanizmu, ekol\u00f3gie \u010di in\u00fdm aspektom automobilov\u00e9ho priemyslu. V\u00fdstup ka\u017ed\u00e9ho z dizajn\u00e9rov je jedine\u010dn\u00fd, autori sa neboja predklada\u0165 nekonven\u010dn\u00e9 tvarov\u00e9 a technologick\u00e9 rie\u0161enia, ktor\u00e9 by mohli n\u00e1js\u0165 uplatnenie v bud\u00facnosti. S\u00fa\u010das\u0165ou v\u00fdstavy s\u00fa aj plag\u00e1ty, ktor\u00e9 vysvet\u013euj\u00fa a dokumentuj\u00fa konceptu\u00e1lny a tvarov\u00fd v\u00fdvoj modelov. Prezentovan\u00e9 prototypy s\u00fa vytvoren\u00e9 pomocou najmodernej\u0161\u00edch technol\u00f3gi\u00ed, ako je 3D tla\u010d, fr\u00e9zovanie a v\u00e1kuovanie, kvalitou spracovania dosahuj\u00fa \u00farove\u0148 profesion\u00e1lnych eur\u00f3pskych dizajnov\u00fdch \u0161t\u00fadi\u00ed.<\/p>\n<p>&nbsp;<\/p>\n<p>V\u00fdstava bude prebieha\u0165 v Univerzitnej kni\u017enici na <b>Barokovom n\u00e1dvor\u00ed<\/b>,\u00a0Vent\u00farska 11,\u00a0814 17<\/p>\n<p>[\/vc_column_text] [vc_column_text pb_margin_bottom=&#8220;no&#8220; pb_border_bottom=&#8220;no&#8220; width=&#8220;1\/2&#8243; el_position=&#8220;last&#8220;]<\/p>\n<figure id=\"attachment_7979\" aria-describedby=\"caption-attachment-7979\" style=\"width: 1233px\" class=\"wp-caption aligncenter\"><img fetchpriority=\"high\" decoding=\"async\" class=\"wp-image-7979 size-full\" src=\"http:\/\/www.bratislavadesignweek.sk\/wp-content\/uploads\/2018\/06\/auto.png\" alt=\"\" width=\"1233\" height=\"693\" srcset=\"https:\/\/www.bratislavadesignweek.sk\/wp-content\/uploads\/2018\/06\/auto.png 1233w, https:\/\/www.bratislavadesignweek.sk\/wp-content\/uploads\/2018\/06\/auto-300x169.png 300w, https:\/\/www.bratislavadesignweek.sk\/wp-content\/uploads\/2018\/06\/auto-768x432.png 768w, https:\/\/www.bratislavadesignweek.sk\/wp-content\/uploads\/2018\/06\/auto-1024x576.png 1024w\" sizes=\"(max-width: 1233px) 100vw, 1233px\" \/><figcaption id=\"caption-attachment-7979\" class=\"wp-caption-text\">Mgr. Art. \u017dofia Bab\u010danov\u00e1, 2017, Master thesis<\/figcaption><\/figure>\n<figure id=\"attachment_7980\" aria-describedby=\"caption-attachment-7980\" style=\"width: 1178px\" class=\"wp-caption aligncenter\"><a href=\"http:\/\/www.bratislavadesignweek.sk\/wp-content\/uploads\/2013\/07\/Lutyk_ribbon_4.jpg\"><img decoding=\"async\" class=\"wp-image-7980 size-full\" src=\"http:\/\/www.bratislavadesignweek.sk\/wp-content\/uploads\/2018\/06\/auto-2.jpg\" alt=\"\" width=\"1178\" height=\"782\" srcset=\"https:\/\/www.bratislavadesignweek.sk\/wp-content\/uploads\/2018\/06\/auto-2.jpg 1178w, https:\/\/www.bratislavadesignweek.sk\/wp-content\/uploads\/2018\/06\/auto-2-300x199.jpg 300w, https:\/\/www.bratislavadesignweek.sk\/wp-content\/uploads\/2018\/06\/auto-2-768x510.jpg 768w, https:\/\/www.bratislavadesignweek.sk\/wp-content\/uploads\/2018\/06\/auto-2-1024x680.jpg 1024w\" sizes=\"(max-width: 1178px) 100vw, 1178px\" \/><\/a><figcaption id=\"caption-attachment-7980\" class=\"wp-caption-text\">Vladim\u00edr Boro\u0148, 2017<\/figcaption><\/figure>\n<p>&nbsp;<\/p>\n<p>[\/vc_column_text]<\/p>","protected":false},"excerpt":{"rendered":"<p>[vc_column_text pb_margin_bottom=&#8220;no&#8220; pb_border_bottom=&#8220;no&#8220; width=&#8220;1\/3&#8243; el_position=&#8220;first&#8220;] Ateli\u00e9r 116 Ateli\u00e9r transport dizajnu vystavuje najlep\u0161ie \u0161tudentsk\u00e9 pr\u00e1ce za posledn\u00e9 dva roky. Vladim\u00edr Boro\u0148, Jaroslav Kormanec, Bc. Art. Filip \u010cech, Bc. Art. Yaraslau Vaida a Mgr. Art. \u017dofia Bab\u010danov\u00e1 predstavia svoje najnov\u0161ie projekty. Modely vznikli na p\u00f4de V\u0160VU, reflektuj\u00fa rozdielne pr\u00edstupy \u0161tudentov k transport dizajnu a problematike dopravy, urbanizmu, [&hellip;]<\/p>","protected":false},"author":2,"featured_media":7981,"comment_status":"closed","ping_status":"closed","sticky":false,"template":"","format":"standard","meta":{"footnotes":""},"categories":[634,896],"tags":[],"_links":{"self":[{"href":"https:\/\/www.bratislavadesignweek.sk\/en\/wp-json\/wp\/v2\/posts\/7978"}],"collection":[{"href":"https:\/\/www.bratislavadesignweek.sk\/en\/wp-json\/wp\/v2\/posts"}],"about":[{"href":"https:\/\/www.bratislavadesignweek.sk\/en\/wp-json\/wp\/v2\/types\/post"}],"author":[{"embeddable":true,"href":"https:\/\/www.bratislavadesignweek.sk\/en\/wp-json\/wp\/v2\/users\/2"}],"replies":[{"embeddable":true,"href":"https:\/\/www.bratislavadesignweek.sk\/en\/wp-json\/wp\/v2\/comments?post=7978"}],"version-history":[{"count":2,"href":"https:\/\/www.bratislavadesignweek.sk\/en\/wp-json\/wp\/v2\/posts\/7978\/revisions"}],"predecessor-version":[{"id":7993,"href":"https:\/\/www.bratislavadesignweek.sk\/en\/wp-json\/wp\/v2\/posts\/7978\/revisions\/7993"}],"wp:featuredmedia":[{"embeddable":true,"href":"https:\/\/www.bratislavadesignweek.sk\/en\/wp-json\/wp\/v2\/media\/7981"}],"wp:attachment":[{"href":"https:\/\/www.bratislavadesignweek.sk\/en\/wp-json\/wp\/v2\/media?parent=7978"}],"wp:term":[{"taxonomy":"category","embeddable":true,"href":"https:\/\/www.bratislavadesignweek.sk\/en\/wp-json\/wp\/v2\/categories?post=7978"},{"taxonomy":"post_tag","embeddable":true,"href":"https:\/\/www.bratislavadesignweek.sk\/en\/wp-json\/wp\/v2\/tags?post=7978"}],"curies":[{"name":"wp","href":"https:\/\/api.w.org\/{rel}","templated":true}]}}