{"id":7990,"date":"2018-06-04T12:34:02","date_gmt":"2018-06-04T11:34:02","guid":{"rendered":"http:\/\/www.bratislavadesignweek.sk\/?p=7990"},"modified":"2024-09-25T12:24:23","modified_gmt":"2024-09-25T10:24:23","slug":"%e2%88%9eidentita","status":"publish","type":"post","link":"https:\/\/www.bratislavadesignweek.sk\/en\/%e2%88%9eidentita\/","title":{"rendered":"\u221eIDENTITY"},"content":{"rendered":"<p>[vc_column_text pb_margin_bottom=&#8220;no&#8220; pb_border_bottom=&#8220;no&#8220; width=&#8220;1\/3&#8243; el_position=&#8220;first&#8220;]<\/p>\n<p>\u221eIDENTITY<\/p>\n<p>\u0160tudenti \u0160koly dizajnu v\u00a0Bratislave vytvorili pre n\u00e1v\u0161tevn\u00edkov BADW 2018 in\u0161tal\u00e1ciu, ktorej hlavn\u00fdm prvkom je zrkadlov\u00fd kubus, poskytuj\u00faci \u010dloveku \u00fato\u010disko a skr\u00fd\u0161u pred poh\u013eadmi zvonku. Jedin\u00fd poh\u013ead, ktor\u00e9mu ostane n\u00e1v\u0161tevn\u00edk vystaven\u00fd, je jeho vlastn\u00fd, av\u0161ak zmno\u017een\u00fd v\u00a0nekone\u010dnom zrkadlen\u00ed. Nast\u00e1va paradoxn\u00e1 situ\u00e1cia: n\u00e1v\u0161tevn\u00edk je vystaven\u00fd vlastn\u00e9mu poh\u013eadu na seba sam\u00e9ho z\u00a0nekone\u010dn\u00e9ho mno\u017estva perspekt\u00edv, ocit\u00e1 sa osamoten\u00fd, a\u00a0z\u00e1rove\u0148 v\u00a0dave seba sam\u00e9ho.Izolovan\u00fd od okolia si m\u00f4\u017eeu vedomi\u0165 svoju jedine\u010dnos\u0165,sk\u00fama\u0165 vlastn\u00fa identitu, reprodukova\u0165 a\u00a0\u0161\u00edri\u0165 svoj obraz v\u00a0nekone\u010dnom virtu\u00e1lnom priestore, alebo sa necha\u0165 pohlti\u0165 davom vlastn\u00fdch nerozl\u00ed\u0161ite\u013en\u00fdch k\u00f3pi\u00ed.<\/p>\n<p>&nbsp;<\/p>\n<p>\u0160kola: S\u00fakromn\u00e1 stredn\u00e1 umeleck\u00e1 \u0161kola dizajnu v Bratislave<br \/>\nAutori\/Pedag\u00f3govia: Michalkov\u00e1 Katar\u00edna, Szeg\u00e9ny R\u00f3bert, \u0160tudenti: Bakov\u00e1 Elv\u00edra, D\u00f6meny Christian, Ferreira Danielle, Goffa D\u00e1vid, Huraj Filip, Mesz\u00e1rosov\u00e1 Alexandra, Nechala Michal, Petr\u00e1k Marek, Pip\u00ed\u0161ka Adam, \u017d\u00e1k Michal<\/p>\n<p>&nbsp;<\/p>\n<p>[\/vc_column_text] [vc_column_text pb_margin_bottom=&#8220;no&#8220; pb_border_bottom=&#8220;no&#8220; width=&#8220;1\/2&#8243; el_position=&#8220;last&#8220;]<\/p>\n<p>&nbsp;<\/p>\n<p><a href=\"http:\/\/www.bratislavadesignweek.sk\/wp-content\/uploads\/2018\/06\/zrcadlo-2.jpg\"><img fetchpriority=\"high\" decoding=\"async\" class=\"alignnone size-medium wp-image-7991\" src=\"http:\/\/www.bratislavadesignweek.sk\/wp-content\/uploads\/2018\/06\/zrcadlo-2-300x200.jpg\" alt=\"\" width=\"300\" height=\"200\" srcset=\"https:\/\/www.bratislavadesignweek.sk\/wp-content\/uploads\/2018\/06\/zrcadlo-2-300x200.jpg 300w, https:\/\/www.bratislavadesignweek.sk\/wp-content\/uploads\/2018\/06\/zrcadlo-2-768x513.jpg 768w, https:\/\/www.bratislavadesignweek.sk\/wp-content\/uploads\/2018\/06\/zrcadlo-2-1024x683.jpg 1024w, https:\/\/www.bratislavadesignweek.sk\/wp-content\/uploads\/2018\/06\/zrcadlo-2-1280x854.jpg 1280w\" sizes=\"(max-width: 300px) 100vw, 300px\" \/><\/a><\/p>\n<p>&nbsp;<\/p>\n<p>[\/vc_column_text]<\/p>","protected":false},"excerpt":{"rendered":"<p>[vc_column_text pb_margin_bottom=&#8220;no&#8220; pb_border_bottom=&#8220;no&#8220; width=&#8220;1\/3&#8243; el_position=&#8220;first&#8220;] \u221eIDENTITA \u0160tudenti \u0160koly dizajnu v\u00a0Bratislave vytvorili pre n\u00e1v\u0161tevn\u00edkov BADW 2018 in\u0161tal\u00e1ciu, ktorej hlavn\u00fdm prvkom je zrkadlov\u00fd kubus, poskytuj\u00faci \u010dloveku \u00fato\u010disko a skr\u00fd\u0161u pred poh\u013eadmi zvonku. Jedin\u00fd poh\u013ead, ktor\u00e9mu ostane n\u00e1v\u0161tevn\u00edk vystaven\u00fd, je jeho vlastn\u00fd, av\u0161ak zmno\u017een\u00fd v\u00a0nekone\u010dnom zrkadlen\u00ed. Nast\u00e1va paradoxn\u00e1 situ\u00e1cia: n\u00e1v\u0161tevn\u00edk je vystaven\u00fd vlastn\u00e9mu poh\u013eadu na seba sam\u00e9ho z\u00a0nekone\u010dn\u00e9ho [&hellip;]<\/p>","protected":false},"author":8,"featured_media":0,"comment_status":"closed","ping_status":"closed","sticky":false,"template":"","format":"standard","meta":{"footnotes":""},"categories":[634,896],"tags":[],"_links":{"self":[{"href":"https:\/\/www.bratislavadesignweek.sk\/en\/wp-json\/wp\/v2\/posts\/7990"}],"collection":[{"href":"https:\/\/www.bratislavadesignweek.sk\/en\/wp-json\/wp\/v2\/posts"}],"about":[{"href":"https:\/\/www.bratislavadesignweek.sk\/en\/wp-json\/wp\/v2\/types\/post"}],"author":[{"embeddable":true,"href":"https:\/\/www.bratislavadesignweek.sk\/en\/wp-json\/wp\/v2\/users\/8"}],"replies":[{"embeddable":true,"href":"https:\/\/www.bratislavadesignweek.sk\/en\/wp-json\/wp\/v2\/comments?post=7990"}],"version-history":[{"count":1,"href":"https:\/\/www.bratislavadesignweek.sk\/en\/wp-json\/wp\/v2\/posts\/7990\/revisions"}],"predecessor-version":[{"id":7992,"href":"https:\/\/www.bratislavadesignweek.sk\/en\/wp-json\/wp\/v2\/posts\/7990\/revisions\/7992"}],"wp:attachment":[{"href":"https:\/\/www.bratislavadesignweek.sk\/en\/wp-json\/wp\/v2\/media?parent=7990"}],"wp:term":[{"taxonomy":"category","embeddable":true,"href":"https:\/\/www.bratislavadesignweek.sk\/en\/wp-json\/wp\/v2\/categories?post=7990"},{"taxonomy":"post_tag","embeddable":true,"href":"https:\/\/www.bratislavadesignweek.sk\/en\/wp-json\/wp\/v2\/tags?post=7990"}],"curies":[{"name":"wp","href":"https:\/\/api.w.org\/{rel}","templated":true}]}}