{"id":7999,"date":"2018-06-04T14:23:19","date_gmt":"2018-06-04T13:23:19","guid":{"rendered":"http:\/\/www.bratislavadesignweek.sk\/?p=7999"},"modified":"2024-09-25T12:24:23","modified_gmt":"2024-09-25T10:24:23","slug":"7999","status":"publish","type":"post","link":"https:\/\/www.bratislavadesignweek.sk\/en\/7999\/","title":{"rendered":"FUTURO"},"content":{"rendered":"<p>[vc_column_text pb_margin_bottom=&#8220;no&#8220; pb_border_bottom=&#8220;no&#8220; width=&#8220;1\/3&#8243; el_position=&#8220;first&#8220;]<\/p>\n<p>St\u00f4l.<\/p>\n<p>Jeden z najd\u00f4le\u017eitej\u0161\u00edch prvkov interi\u00e9ru a domova v\u00f4bec.<\/p>\n<p>&#8222;Predstav\u00edme koncept intarzovan\u00fdch okr\u00fahlych modul\u00e1rnych stolov, ktor\u00e9 dovo\u013euj\u00fa upravi\u0165 si ich v\u00fd\u0161ku, vymeni\u0165 stolov\u00fa dosku za dosku inej ve\u013ekosti, alebo pracova\u0165 s priestorom uprostred a st\u00f4l doplni\u0165 o pr\u00edrodu v podobe kvetiny, \u010di vyrobi\u0165 si na \u0148om ohe\u0148.&#8220;<\/p>\n<p>Bez pou\u017eitia n\u00e1radia je mo\u017en\u00e9 vytvori\u0165 no\u010dn\u00fd, konferen\u010dn\u00fd, jed\u00e1lny, pracovn\u00fd, \u010di in\u00fd st\u00f4l, alebo seda\u010dku.<\/p>\n<p>&nbsp;<\/p>\n<p>[\/vc_column_text] [vc_column_text pb_margin_bottom=&#8220;no&#8220; pb_border_bottom=&#8220;no&#8220; width=&#8220;1\/2&#8243; el_position=&#8220;last&#8220;]<\/p>\n<p>&nbsp;<\/p>\n<p><a href=\"http:\/\/www.bratislavadesignweek.sk\/wp-content\/uploads\/2018\/06\/OKRUCH.jpg\"><img fetchpriority=\"high\" decoding=\"async\" class=\"alignnone size-medium wp-image-8006\" src=\"http:\/\/www.bratislavadesignweek.sk\/wp-content\/uploads\/2018\/06\/OKRUCH-300x200.jpg\" alt=\"\" width=\"300\" height=\"200\" srcset=\"https:\/\/www.bratislavadesignweek.sk\/wp-content\/uploads\/2018\/06\/OKRUCH-300x200.jpg 300w, https:\/\/www.bratislavadesignweek.sk\/wp-content\/uploads\/2018\/06\/OKRUCH-768x512.jpg 768w, https:\/\/www.bratislavadesignweek.sk\/wp-content\/uploads\/2018\/06\/OKRUCH.jpg 1024w\" sizes=\"(max-width: 300px) 100vw, 300px\" \/><\/a> <a href=\"http:\/\/www.bratislavadesignweek.sk\/wp-content\/uploads\/2018\/06\/IMG_2158.jpg\"><img decoding=\"async\" class=\"alignnone size-medium wp-image-8005\" src=\"http:\/\/www.bratislavadesignweek.sk\/wp-content\/uploads\/2018\/06\/IMG_2158-200x300.jpg\" alt=\"\" width=\"200\" height=\"300\" srcset=\"https:\/\/www.bratislavadesignweek.sk\/wp-content\/uploads\/2018\/06\/IMG_2158-200x300.jpg 200w, https:\/\/www.bratislavadesignweek.sk\/wp-content\/uploads\/2018\/06\/IMG_2158.jpg 500w\" sizes=\"(max-width: 200px) 100vw, 200px\" \/><\/a> <a href=\"http:\/\/www.bratislavadesignweek.sk\/wp-content\/uploads\/2018\/06\/IMG_2081.jpg\"><img decoding=\"async\" class=\"alignnone size-medium wp-image-8004\" src=\"http:\/\/www.bratislavadesignweek.sk\/wp-content\/uploads\/2018\/06\/IMG_2081-300x200.jpg\" alt=\"\" width=\"300\" height=\"200\" srcset=\"https:\/\/www.bratislavadesignweek.sk\/wp-content\/uploads\/2018\/06\/IMG_2081-300x200.jpg 300w, https:\/\/www.bratislavadesignweek.sk\/wp-content\/uploads\/2018\/06\/IMG_2081-768x512.jpg 768w, https:\/\/www.bratislavadesignweek.sk\/wp-content\/uploads\/2018\/06\/IMG_2081.jpg 1024w\" sizes=\"(max-width: 300px) 100vw, 300px\" \/><\/a> <a href=\"http:\/\/www.bratislavadesignweek.sk\/wp-content\/uploads\/2018\/06\/DSC_5238.jpg\"><img loading=\"lazy\" decoding=\"async\" class=\"alignnone size-medium wp-image-8003\" src=\"http:\/\/www.bratislavadesignweek.sk\/wp-content\/uploads\/2018\/06\/DSC_5238-200x300.jpg\" alt=\"\" width=\"200\" height=\"300\" srcset=\"https:\/\/www.bratislavadesignweek.sk\/wp-content\/uploads\/2018\/06\/DSC_5238-200x300.jpg 200w, https:\/\/www.bratislavadesignweek.sk\/wp-content\/uploads\/2018\/06\/DSC_5238.jpg 600w\" sizes=\"(max-width: 200px) 100vw, 200px\" \/><\/a> <a href=\"http:\/\/www.bratislavadesignweek.sk\/wp-content\/uploads\/2018\/06\/DSC_4786.jpg\"><img loading=\"lazy\" decoding=\"async\" class=\"alignnone size-medium wp-image-8002\" src=\"http:\/\/www.bratislavadesignweek.sk\/wp-content\/uploads\/2018\/06\/DSC_4786-300x200.jpg\" alt=\"\" width=\"300\" height=\"200\" srcset=\"https:\/\/www.bratislavadesignweek.sk\/wp-content\/uploads\/2018\/06\/DSC_4786-300x200.jpg 300w, https:\/\/www.bratislavadesignweek.sk\/wp-content\/uploads\/2018\/06\/DSC_4786-768x512.jpg 768w, https:\/\/www.bratislavadesignweek.sk\/wp-content\/uploads\/2018\/06\/DSC_4786-1024x683.jpg 1024w, https:\/\/www.bratislavadesignweek.sk\/wp-content\/uploads\/2018\/06\/DSC_4786.jpg 1125w\" sizes=\"(max-width: 300px) 100vw, 300px\" \/><\/a> <a href=\"http:\/\/www.bratislavadesignweek.sk\/wp-content\/uploads\/2018\/06\/DSC_4697.jpg\"><img loading=\"lazy\" decoding=\"async\" class=\"alignnone size-medium wp-image-8001\" src=\"http:\/\/www.bratislavadesignweek.sk\/wp-content\/uploads\/2018\/06\/DSC_4697-300x200.jpg\" alt=\"\" width=\"300\" height=\"200\" srcset=\"https:\/\/www.bratislavadesignweek.sk\/wp-content\/uploads\/2018\/06\/DSC_4697-300x200.jpg 300w, https:\/\/www.bratislavadesignweek.sk\/wp-content\/uploads\/2018\/06\/DSC_4697-768x512.jpg 768w, https:\/\/www.bratislavadesignweek.sk\/wp-content\/uploads\/2018\/06\/DSC_4697-1024x683.jpg 1024w, https:\/\/www.bratislavadesignweek.sk\/wp-content\/uploads\/2018\/06\/DSC_4697.jpg 1125w\" sizes=\"(max-width: 300px) 100vw, 300px\" \/><\/a> <a href=\"http:\/\/www.bratislavadesignweek.sk\/wp-content\/uploads\/2018\/06\/02.jpg\"><img loading=\"lazy\" decoding=\"async\" class=\"alignnone size-medium wp-image-8000\" src=\"http:\/\/www.bratislavadesignweek.sk\/wp-content\/uploads\/2018\/06\/02-300x200.jpg\" alt=\"\" width=\"300\" height=\"200\" srcset=\"https:\/\/www.bratislavadesignweek.sk\/wp-content\/uploads\/2018\/06\/02-300x200.jpg 300w, https:\/\/www.bratislavadesignweek.sk\/wp-content\/uploads\/2018\/06\/02-768x512.jpg 768w, https:\/\/www.bratislavadesignweek.sk\/wp-content\/uploads\/2018\/06\/02.jpg 1024w\" sizes=\"(max-width: 300px) 100vw, 300px\" \/><\/a><\/p>\n<p>&nbsp;<\/p>\n<p>[\/vc_column_text]<\/p>","protected":false},"excerpt":{"rendered":"<p>[vc_column_text pb_margin_bottom=&#8220;no&#8220; pb_border_bottom=&#8220;no&#8220; width=&#8220;1\/3&#8243; el_position=&#8220;first&#8220;] St\u00f4l. Jeden z najd\u00f4le\u017eitej\u0161\u00edch prvkov interi\u00e9ru a domova v\u00f4bec. &#8222;Predstav\u00edme koncept intarzovan\u00fdch okr\u00fahlych modul\u00e1rnych stolov, ktor\u00e9 dovo\u013euj\u00fa upravi\u0165 si ich v\u00fd\u0161ku, vymeni\u0165 stolov\u00fa dosku za dosku inej ve\u013ekosti, alebo pracova\u0165 s priestorom uprostred a st\u00f4l doplni\u0165 o pr\u00edrodu v podobe kvetiny, \u010di vyrobi\u0165 si na \u0148om ohe\u0148.&#8220; Bez pou\u017eitia n\u00e1radia [&hellip;]<\/p>","protected":false},"author":8,"featured_media":0,"comment_status":"closed","ping_status":"closed","sticky":false,"template":"","format":"standard","meta":{"footnotes":""},"categories":[634,896],"tags":[],"_links":{"self":[{"href":"https:\/\/www.bratislavadesignweek.sk\/en\/wp-json\/wp\/v2\/posts\/7999"}],"collection":[{"href":"https:\/\/www.bratislavadesignweek.sk\/en\/wp-json\/wp\/v2\/posts"}],"about":[{"href":"https:\/\/www.bratislavadesignweek.sk\/en\/wp-json\/wp\/v2\/types\/post"}],"author":[{"embeddable":true,"href":"https:\/\/www.bratislavadesignweek.sk\/en\/wp-json\/wp\/v2\/users\/8"}],"replies":[{"embeddable":true,"href":"https:\/\/www.bratislavadesignweek.sk\/en\/wp-json\/wp\/v2\/comments?post=7999"}],"version-history":[{"count":2,"href":"https:\/\/www.bratislavadesignweek.sk\/en\/wp-json\/wp\/v2\/posts\/7999\/revisions"}],"predecessor-version":[{"id":8008,"href":"https:\/\/www.bratislavadesignweek.sk\/en\/wp-json\/wp\/v2\/posts\/7999\/revisions\/8008"}],"wp:attachment":[{"href":"https:\/\/www.bratislavadesignweek.sk\/en\/wp-json\/wp\/v2\/media?parent=7999"}],"wp:term":[{"taxonomy":"category","embeddable":true,"href":"https:\/\/www.bratislavadesignweek.sk\/en\/wp-json\/wp\/v2\/categories?post=7999"},{"taxonomy":"post_tag","embeddable":true,"href":"https:\/\/www.bratislavadesignweek.sk\/en\/wp-json\/wp\/v2\/tags?post=7999"}],"curies":[{"name":"wp","href":"https:\/\/api.w.org\/{rel}","templated":true}]}}