{"id":801,"date":"2013-07-26T17:40:34","date_gmt":"2013-07-26T16:40:34","guid":{"rendered":"http:\/\/www.bratislavadesignweek.sk\/?p=801"},"modified":"2024-09-25T12:09:29","modified_gmt":"2024-09-25T10:09:29","slug":"martin-bosak-and-peter-zvolensky-cubica","status":"publish","type":"post","link":"https:\/\/www.bratislavadesignweek.sk\/en\/martin-bosak-and-peter-zvolensky-cubica\/","title":{"rendered":"Martin Bos\u00e1k and Peter Zvolensk\u00fd, Cubica"},"content":{"rendered":"<p>[vc_column_text pb_margin_bottom=&#8220;no&#8220; pb_border_bottom=&#8220;no&#8220; width=&#8220;1\/3&#8243; el_position=&#8220;first&#8220;]<\/p>\n<p class=\"impact-text\">Martin Bos\u00e1k and Peter Zvolensk\u00fd, Cubica<\/p>\n<p>&nbsp;<\/p>\n<style type=\"text\/css\"><!--\n@page { margin: 0.79in }\n\t\tP { margin-bottom: 0.08in }\n--><\/style>\n<p>Martin Bos\u00e1k and Peter Zvolensk\u00fd are young designers focused on furniture and interior design. They like to use raw materials in their natural forms \u2013 solid wood, metal, stone, glass. On this years Bratislava Design Week, they are going to present the variable bookcase Link, a round dining table named Dino and a lamp named Vector. Simple in their expression, these objects fulfill their function, while the craftsmanship enables the used materials to really stand out. The resulting products are humble, crafted from local resources and accessible.<\/p>\n<p>&nbsp;<\/p>\n<p>[button colour=&#8220;grey&#8220; type=&#8220;0&#8243; size=&#8220;small&#8220; link=&#8220;http:\/\/cubica.sk\/en\/&#8220; target=&#8220;_self&#8220;]cubica.sk[\/button]<\/p>\n<p>[\/vc_column_text] [vc_column_text pb_margin_bottom=&#8220;no&#8220; pb_border_bottom=&#8220;no&#8220; width=&#8220;1\/2&#8243; el_position=&#8220;last&#8220;]<\/p>\n<p><a href=\"http:\/\/www.bratislavadesignweek.sk\/wp-content\/uploads\/2013\/07\/cubica-foto1.jpg\"><img fetchpriority=\"high\" decoding=\"async\" class=\"alignnone size-full wp-image-982\" alt=\"cubica-foto1\" src=\"http:\/\/www.bratislavadesignweek.sk\/wp-content\/uploads\/2013\/07\/cubica-foto1.jpg\" width=\"800\" height=\"400\" srcset=\"https:\/\/www.bratislavadesignweek.sk\/wp-content\/uploads\/2013\/07\/cubica-foto1.jpg 800w, https:\/\/www.bratislavadesignweek.sk\/wp-content\/uploads\/2013\/07\/cubica-foto1-300x150.jpg 300w, https:\/\/www.bratislavadesignweek.sk\/wp-content\/uploads\/2013\/07\/cubica-foto1-2x1.jpg 2w\" sizes=\"(max-width: 800px) 100vw, 800px\" \/><\/a><\/p>\n<p>[\/vc_column_text]<\/p>","protected":false},"excerpt":{"rendered":"<p>[vc_column_text pb_margin_bottom=&#8220;no&#8220; pb_border_bottom=&#8220;no&#8220; width=&#8220;1\/3&#8243; el_position=&#8220;first&#8220;] Martin Bos\u00e1k and Peter Zvolensk\u00fd, Cubica &nbsp; Martin Bos\u00e1k and Peter Zvolensk\u00fd are young designers focused on furniture and interior design. They like to use raw materials in their natural forms \u2013 solid wood, metal, stone, glass. On this years Bratislava Design Week, they are going to present the variable [&hellip;]<\/p>","protected":false},"author":5,"featured_media":0,"comment_status":"closed","ping_status":"open","sticky":false,"template":"","format":"standard","meta":{"footnotes":""},"categories":[1],"tags":[47,105],"_links":{"self":[{"href":"https:\/\/www.bratislavadesignweek.sk\/en\/wp-json\/wp\/v2\/posts\/801"}],"collection":[{"href":"https:\/\/www.bratislavadesignweek.sk\/en\/wp-json\/wp\/v2\/posts"}],"about":[{"href":"https:\/\/www.bratislavadesignweek.sk\/en\/wp-json\/wp\/v2\/types\/post"}],"author":[{"embeddable":true,"href":"https:\/\/www.bratislavadesignweek.sk\/en\/wp-json\/wp\/v2\/users\/5"}],"replies":[{"embeddable":true,"href":"https:\/\/www.bratislavadesignweek.sk\/en\/wp-json\/wp\/v2\/comments?post=801"}],"version-history":[{"count":5,"href":"https:\/\/www.bratislavadesignweek.sk\/en\/wp-json\/wp\/v2\/posts\/801\/revisions"}],"predecessor-version":[{"id":1590,"href":"https:\/\/www.bratislavadesignweek.sk\/en\/wp-json\/wp\/v2\/posts\/801\/revisions\/1590"}],"wp:attachment":[{"href":"https:\/\/www.bratislavadesignweek.sk\/en\/wp-json\/wp\/v2\/media?parent=801"}],"wp:term":[{"taxonomy":"category","embeddable":true,"href":"https:\/\/www.bratislavadesignweek.sk\/en\/wp-json\/wp\/v2\/categories?post=801"},{"taxonomy":"post_tag","embeddable":true,"href":"https:\/\/www.bratislavadesignweek.sk\/en\/wp-json\/wp\/v2\/tags?post=801"}],"curies":[{"name":"wp","href":"https:\/\/api.w.org\/{rel}","templated":true}]}}