{"id":8050,"date":"2018-06-05T11:10:31","date_gmt":"2018-06-05T10:10:31","guid":{"rendered":"http:\/\/www.bratislavadesignweek.sk\/?p=8050"},"modified":"2024-09-25T12:24:23","modified_gmt":"2024-09-25T10:24:23","slug":"oleksandra-bakushina-kon-rao","status":"publish","type":"post","link":"https:\/\/www.bratislavadesignweek.sk\/en\/oleksandra-bakushina-kon-rao\/","title":{"rendered":"Oleksandra Bakushina KON RAO"},"content":{"rendered":"<p>[vc_column_text pb_margin_bottom=&#8220;no&#8220; pb_border_bottom=&#8220;no&#8220; width=&#8220;1\/3&#8243; el_position=&#8220;first&#8220;]<\/p>\n<h2>Oleksandra Bakushina<\/h2>\n<p>&nbsp;<\/p>\n<p>\"In my work I focused on the human being and his relationship to music and how the human body is affected by vibrations and harmony in the form of melody. I decided to go back to the origins of sound, so I looked to nature for inspiration. In order to rekindle an interest in music and harmony that anyone is capable of creating, I drew on indigenous African and Peruvian natural musical instruments. My outcome is a collection of two musical instruments that activate the whole body with their scale, which allows the person to feel the vibrations more intensely, thus intensifying the experience of the music. Kon and Rao are the Peruvian gods of rain and thunder, water and lightning, peace and confusion. Although they come from the same source they compete with each other. I captured this rare balance of opposites in the relationship of sound and form. Through the circle, as a symbol of a return to origin and nature, the two instruments are linked and by an intuitive circular movement in the vertical or horizontal axis, their sound - rain and thunder - simultaneously differ. The intensity and melody is directly linked to the movement of the man. The outwardly simple construction conceals a mechanism that stimulates curiosity and motivates playing.\"<\/p>\n<p>&nbsp;<\/p>\n<p>&nbsp;<\/p>\n<p>[\/vc_column_text] [vc_column_text pb_margin_bottom=&#8220;no&#8220; pb_border_bottom=&#8220;no&#8220; width=&#8220;1\/2&#8243; el_position=&#8220;last&#8220;]<\/p>\n<p>&nbsp;<\/p>\n<p><a href=\"http:\/\/www.bratislavadesignweek.sk\/wp-content\/uploads\/2018\/05\/maly-bakushina.jpg\"><img decoding=\"async\" class=\"alignnone size-medium wp-image-7890\" src=\"http:\/\/www.bratislavadesignweek.sk\/wp-content\/uploads\/2018\/05\/maly-bakushina-300x158.jpg\" alt=\"\" width=\"300\" height=\"158\" srcset=\"https:\/\/www.bratislavadesignweek.sk\/wp-content\/uploads\/2018\/05\/maly-bakushina-300x158.jpg 300w, https:\/\/www.bratislavadesignweek.sk\/wp-content\/uploads\/2018\/05\/maly-bakushina.jpg 640w\" sizes=\"(max-width: 300px) 100vw, 300px\" \/><\/a><\/p>\n<p>&nbsp;<\/p>\n<p>[\/vc_column_text]<\/p>","protected":false},"excerpt":{"rendered":"<p>[vc_column_text pb_margin_bottom=&#8220;no&#8220; pb_border_bottom=&#8220;no&#8220; width=&#8220;1\/3&#8243; el_position=&#8220;first&#8220;] Oleksandra Bakushina &nbsp; &#8222;Vo\u00a0svojej pr\u00e1ci som upriamila pozornos\u0165 na \u010dloveka a\u00a0jeho vz\u0165ah k\u00a0hudbe a ako na \u013eudsk\u00e9 telo vpl\u00fdvaj\u00fa vibr\u00e1cie a\u00a0harm\u00f3nia v\u00a0podobe mel\u00f3die. Rozhodla som sa vr\u00e1ti\u0165 k\u00a0prap\u00f4vodu zvuku, a\u00a0preto som\u00a0h\u013eadala in\u0161pir\u00e1ciu v\u00a0pr\u00edrode. S\u00a0cie\u013eom v\u00a0\u010dloveku op\u00e4tovne vzbudi\u0165 z\u00e1ujem o\u00a0hudbu a\u00a0harm\u00f3niu, ktor\u00fa je schopn\u00fd vytv\u00e1ra\u0165 ktoko\u013evek, som vych\u00e1dzala z\u00a0p\u00f4vodn\u00fdch africk\u00fdch a\u00a0peru\u00e1nskych [&hellip;]<\/p>","protected":false},"author":2,"featured_media":0,"comment_status":"closed","ping_status":"closed","sticky":false,"template":"","format":"standard","meta":{"footnotes":""},"categories":[634,896],"tags":[],"_links":{"self":[{"href":"https:\/\/www.bratislavadesignweek.sk\/en\/wp-json\/wp\/v2\/posts\/8050"}],"collection":[{"href":"https:\/\/www.bratislavadesignweek.sk\/en\/wp-json\/wp\/v2\/posts"}],"about":[{"href":"https:\/\/www.bratislavadesignweek.sk\/en\/wp-json\/wp\/v2\/types\/post"}],"author":[{"embeddable":true,"href":"https:\/\/www.bratislavadesignweek.sk\/en\/wp-json\/wp\/v2\/users\/2"}],"replies":[{"embeddable":true,"href":"https:\/\/www.bratislavadesignweek.sk\/en\/wp-json\/wp\/v2\/comments?post=8050"}],"version-history":[{"count":3,"href":"https:\/\/www.bratislavadesignweek.sk\/en\/wp-json\/wp\/v2\/posts\/8050\/revisions"}],"predecessor-version":[{"id":8072,"href":"https:\/\/www.bratislavadesignweek.sk\/en\/wp-json\/wp\/v2\/posts\/8050\/revisions\/8072"}],"wp:attachment":[{"href":"https:\/\/www.bratislavadesignweek.sk\/en\/wp-json\/wp\/v2\/media?parent=8050"}],"wp:term":[{"taxonomy":"category","embeddable":true,"href":"https:\/\/www.bratislavadesignweek.sk\/en\/wp-json\/wp\/v2\/categories?post=8050"},{"taxonomy":"post_tag","embeddable":true,"href":"https:\/\/www.bratislavadesignweek.sk\/en\/wp-json\/wp\/v2\/tags?post=8050"}],"curies":[{"name":"wp","href":"https:\/\/api.w.org\/{rel}","templated":true}]}}