{"id":8084,"date":"2018-06-06T13:02:55","date_gmt":"2018-06-06T12:02:55","guid":{"rendered":"http:\/\/www.bratislavadesignweek.sk\/?p=8084"},"modified":"2024-09-25T12:24:22","modified_gmt":"2024-09-25T10:24:22","slug":"marketa-novakova-holka-z-porcelanu-kvetinaren-medena-ul-107-17","status":"publish","type":"post","link":"https:\/\/www.bratislavadesignweek.sk\/en\/marketa-novakova-holka-z-porcelanu-kvetinaren-medena-ul-107-17\/","title":{"rendered":"Mark\u00e9ta Nov\u00e1kov\u00e1 \/ Girl from porcelain \/ Flower shop, Meden\u00e1 str. 107\/17"},"content":{"rendered":"<p>[vc_column_text pb_margin_bottom=&#8220;no&#8220; pb_border_bottom=&#8220;no&#8220; width=&#8220;1\/3&#8243; el_position=&#8220;first&#8220;]<\/p>\n<p><strong>Mark\u00e9ta Nov\u00e1kov\u00e1<\/strong><\/p>\n<p><strong>Porcel\u00e1n je m\u00e9dium, kter\u00e9 m\u011b fascinuje a inspiruje.<\/strong><\/p>\n<p>Pracuji p\u0159edev\u0161\u00edm v\u00a0oblasti designu u\u017eitkov\u00fdch\u00a0p\u0159edm\u011bt\u016f z porcel\u00e1nu. Technikou lit\u00ed porcel\u00e1nov\u00e9 hmoty do s\u00e1drov\u00fdch forem vytv\u00e1\u0159\u00edm stolovac\u00ed p\u0159edm\u011bty a dopl\u0148ky do interi\u00e9ru, jako jednotliv\u00e9 kusy &#8211; solit\u00e9ry nebo ucelen\u00e9 soubory. P\u0159i budov\u00e1n\u00ed nov\u00e9ho tvaru \u010dasto vych\u00e1z\u00edm z\u00a0geometrie. Je to takov\u00e1 moje porcel\u00e1nov\u00e1 hra k\u0159ivek, linek, hran, ploch a\u00a0pr\u016fnik\u016f. R\u00e1da pou\u017e\u00edv\u00e1m d\u016fmysln\u00e9 detaily, kter\u00e9 na prvn\u00ed pohled nejsou vid\u011bt. Ob\u010das experimentuji s\u00a0materi\u00e1lem i\u00a0s\u00a0motivem, nap\u0159\u00edklad v\u00a0podob\u011b reli\u00e9fn\u00ed struktury pokr\u00fdvaj\u00edc\u00ed tvar n\u00e1doby. Ka\u017ed\u00fd nov\u00fd n\u00e1pad je pro m\u011b v\u00fdzvou a cestou hled\u00e1n\u00ed toho spr\u00e1vn\u00e9ho \u0159e\u0161en\u00ed a zp\u016fsobu realizace. Porcel\u00e1n je materi\u00e1l, kter\u00fd mi d\u00e1v\u00e1 mantinely a z\u00e1rove\u0148 k\u0159\u00eddla.<\/p>\n<p>V\u00a0r\u00e1mci BDW prezentuji svou pr\u00e1ci &#8211; p\u0159edev\u0161\u00edm porcel\u00e1nov\u00e9 v\u00e1zy v\u00a0z\u00e1plav\u011b kv\u011btin v\u00a0Kvetin\u00e1rni na Medenej ulici.<\/p>\n<p>[\/vc_column_text] [vc_column_text pb_margin_bottom=&#8220;no&#8220; pb_border_bottom=&#8220;no&#8220; width=&#8220;1\/2&#8243; el_position=&#8220;last&#8220;]<\/p>\n<p><img fetchpriority=\"high\" decoding=\"async\" class=\"aligncenter size-full wp-image-8085\" src=\"http:\/\/www.bratislavadesignweek.sk\/wp-content\/uploads\/2018\/06\/Ko\u0159enov\u00e1-a-Kv\u011btov\u00e1-v\u00e1za-2015-foto-Matej-Hak\u00e1r-5.jpg\" alt=\"\" width=\"3337\" height=\"5000\" srcset=\"https:\/\/www.bratislavadesignweek.sk\/wp-content\/uploads\/2018\/06\/Ko\u0159enov\u00e1-a-Kv\u011btov\u00e1-v\u00e1za-2015-foto-Matej-Hak\u00e1r-5.jpg 3337w, https:\/\/www.bratislavadesignweek.sk\/wp-content\/uploads\/2018\/06\/Ko\u0159enov\u00e1-a-Kv\u011btov\u00e1-v\u00e1za-2015-foto-Matej-Hak\u00e1r-5-200x300.jpg 200w, https:\/\/www.bratislavadesignweek.sk\/wp-content\/uploads\/2018\/06\/Ko\u0159enov\u00e1-a-Kv\u011btov\u00e1-v\u00e1za-2015-foto-Matej-Hak\u00e1r-5-768x1151.jpg 768w, https:\/\/www.bratislavadesignweek.sk\/wp-content\/uploads\/2018\/06\/Ko\u0159enov\u00e1-a-Kv\u011btov\u00e1-v\u00e1za-2015-foto-Matej-Hak\u00e1r-5-683x1024.jpg 683w, https:\/\/www.bratislavadesignweek.sk\/wp-content\/uploads\/2018\/06\/Ko\u0159enov\u00e1-a-Kv\u011btov\u00e1-v\u00e1za-2015-foto-Matej-Hak\u00e1r-5-1280x1918.jpg 1280w\" sizes=\"(max-width: 3337px) 100vw, 3337px\" \/><\/p>\n<p>&nbsp;<\/p>\n<p>&nbsp;<\/p>\n<p>[\/vc_column_text]<\/p>","protected":false},"excerpt":{"rendered":"<p>[vc_column_text pb_margin_bottom=&#8220;no&#8220; pb_border_bottom=&#8220;no&#8220; width=&#8220;1\/3&#8243; el_position=&#8220;first&#8220;] Mark\u00e9ta Nov\u00e1kov\u00e1 Porcel\u00e1n je m\u00e9dium, kter\u00e9 m\u011b fascinuje a inspiruje. Pracuji p\u0159edev\u0161\u00edm v\u00a0oblasti designu u\u017eitkov\u00fdch\u00a0p\u0159edm\u011bt\u016f z porcel\u00e1nu. Technikou lit\u00ed porcel\u00e1nov\u00e9 hmoty do s\u00e1drov\u00fdch forem vytv\u00e1\u0159\u00edm stolovac\u00ed p\u0159edm\u011bty a dopl\u0148ky do interi\u00e9ru, jako jednotliv\u00e9 kusy &#8211; solit\u00e9ry nebo ucelen\u00e9 soubory. P\u0159i budov\u00e1n\u00ed nov\u00e9ho tvaru \u010dasto vych\u00e1z\u00edm z\u00a0geometrie. Je to takov\u00e1 moje [&hellip;]<\/p>","protected":false},"author":2,"featured_media":8086,"comment_status":"closed","ping_status":"closed","sticky":false,"template":"","format":"standard","meta":{"footnotes":""},"categories":[634,896],"tags":[],"_links":{"self":[{"href":"https:\/\/www.bratislavadesignweek.sk\/en\/wp-json\/wp\/v2\/posts\/8084"}],"collection":[{"href":"https:\/\/www.bratislavadesignweek.sk\/en\/wp-json\/wp\/v2\/posts"}],"about":[{"href":"https:\/\/www.bratislavadesignweek.sk\/en\/wp-json\/wp\/v2\/types\/post"}],"author":[{"embeddable":true,"href":"https:\/\/www.bratislavadesignweek.sk\/en\/wp-json\/wp\/v2\/users\/2"}],"replies":[{"embeddable":true,"href":"https:\/\/www.bratislavadesignweek.sk\/en\/wp-json\/wp\/v2\/comments?post=8084"}],"version-history":[{"count":1,"href":"https:\/\/www.bratislavadesignweek.sk\/en\/wp-json\/wp\/v2\/posts\/8084\/revisions"}],"predecessor-version":[{"id":8087,"href":"https:\/\/www.bratislavadesignweek.sk\/en\/wp-json\/wp\/v2\/posts\/8084\/revisions\/8087"}],"wp:featuredmedia":[{"embeddable":true,"href":"https:\/\/www.bratislavadesignweek.sk\/en\/wp-json\/wp\/v2\/media\/8086"}],"wp:attachment":[{"href":"https:\/\/www.bratislavadesignweek.sk\/en\/wp-json\/wp\/v2\/media?parent=8084"}],"wp:term":[{"taxonomy":"category","embeddable":true,"href":"https:\/\/www.bratislavadesignweek.sk\/en\/wp-json\/wp\/v2\/categories?post=8084"},{"taxonomy":"post_tag","embeddable":true,"href":"https:\/\/www.bratislavadesignweek.sk\/en\/wp-json\/wp\/v2\/tags?post=8084"}],"curies":[{"name":"wp","href":"https:\/\/api.w.org\/{rel}","templated":true}]}}