{"id":8095,"date":"2018-06-14T12:55:06","date_gmt":"2018-06-14T11:55:06","guid":{"rendered":"http:\/\/www.bratislavadesignweek.sk\/?p=8095"},"modified":"2024-09-25T12:24:22","modified_gmt":"2024-09-25T10:24:22","slug":"about-music","status":"publish","type":"post","link":"https:\/\/www.bratislavadesignweek.sk\/en\/about-music\/","title":{"rendered":"About music"},"content":{"rendered":"<p>[vc_column_text pb_margin_bottom=&#8220;no&#8220; pb_border_bottom=&#8220;no&#8220; width=&#8220;1\/3&#8243; el_position=&#8220;first&#8220;]<\/p>\n<div class=\"gmail_quote\">\n<div dir=\"ltr\">\n<div>About music<\/div>\n<div><\/div>\n<div><b>An open project about music about creativity,\u00a0<\/b><b>about freedom of thought about excellence<\/b><\/div>\n<div><b>\u00a0<\/b><\/div>\n<div><b>Joint exhibition of studios:\u00a0<\/b><b>industrial design V\u0160VU Bratislava<\/b><\/div>\n<div>\n<div><b>Head of studio: doc. Ferdinand Chrenka academician sculptor<\/b><\/div>\n<div><b>assistant: Mgr.art. Mgr. Eva Vesel\u00e1 ArtD<\/b><\/div>\n<\/div>\n<div><b>a\u00a0<\/b><b>Industrial Design UTB Zl\u00edn,\u00a0<\/b><b>Head of studio: doc. MgA. Mgr. Martin Surman ArtD,\u00a0<\/b><b>PhD student: MgA. M.Sc. Ond\u0159ej Puchta<\/b><\/div>\n<div><b>\u00a0<\/b><\/div>\n<div><b>The Industrial Design Studio of the Academy of Fine Arts in Bratislava and the Industrial Design Studio of the Tomas Bata University in Zl\u00edn present the products of the students, which are connected by a common theme - the theme of music. The project verifies the students' ability to experiment and inventively incorporate the current knowledge of science, material and technological progress. The choice of the type of instrument or the reflection of the overall theme is freely left to the student, thus pursuing his or her individual view of the diverse world of music.<br \/>\n<\/b><\/div>\n<\/div>\n<div class=\"yj6qo\"><\/div>\n<div class=\"adL\"><\/div>\n<\/div>\n<p>&nbsp;<\/p>\n<p>[\/vc_column_text] [vc_column_text pb_margin_bottom=&#8220;no&#8220; pb_border_bottom=&#8220;no&#8220; width=&#8220;1\/2&#8243; el_position=&#8220;last&#8220;]<\/p>\n<p>&nbsp;<\/p>\n<figure id=\"attachment_8096\" aria-describedby=\"caption-attachment-8096\" style=\"width: 7383px\" class=\"wp-caption aligncenter\"><img fetchpriority=\"high\" decoding=\"async\" class=\"wp-image-8096 size-full\" src=\"http:\/\/www.bratislavadesignweek.sk\/wp-content\/uploads\/2018\/06\/Guiro-a-hraci_-dr_i_vka1_Veronika-Valus_kova_.jpg\" alt=\"\" width=\"7383\" height=\"6013\" srcset=\"https:\/\/www.bratislavadesignweek.sk\/wp-content\/uploads\/2018\/06\/Guiro-a-hraci_-dr_i_vka1_Veronika-Valus_kova_.jpg 7383w, https:\/\/www.bratislavadesignweek.sk\/wp-content\/uploads\/2018\/06\/Guiro-a-hraci_-dr_i_vka1_Veronika-Valus_kova_-300x244.jpg 300w, https:\/\/www.bratislavadesignweek.sk\/wp-content\/uploads\/2018\/06\/Guiro-a-hraci_-dr_i_vka1_Veronika-Valus_kova_-768x625.jpg 768w, https:\/\/www.bratislavadesignweek.sk\/wp-content\/uploads\/2018\/06\/Guiro-a-hraci_-dr_i_vka1_Veronika-Valus_kova_-1024x834.jpg 1024w, https:\/\/www.bratislavadesignweek.sk\/wp-content\/uploads\/2018\/06\/Guiro-a-hraci_-dr_i_vka1_Veronika-Valus_kova_-1280x1042.jpg 1280w\" sizes=\"(max-width: 7383px) 100vw, 7383px\" \/><figcaption id=\"caption-attachment-8096\" class=\"wp-caption-text\">Veronika Varu\u0161kov\u00e1, Playing with the gums<\/figcaption><\/figure>\n<p>&nbsp;<\/p>\n<p>[\/vc_column_text]<\/p>","protected":false},"excerpt":{"rendered":"<p>[vc_column_text pb_margin_bottom=&#8220;no&#8220; pb_border_bottom=&#8220;no&#8220; width=&#8220;1\/3&#8243; el_position=&#8220;first&#8220;] About music Otvoren\u00fd projekt o hudbe o kreativite,\u00a0o slobode myslenia o v\u00fdnimo\u010dnosti \u00a0 Spolo\u010dn\u00e1 v\u00fdstava ateli\u00e9rov:\u00a0industrial dizajn V\u0160VU Bratislava ved\u00faci ateli\u00e9ru: doc. Ferdinand Chrenka akad.soch asistent: Mgr.art. Eva Vesel\u00e1 ArtD a\u00a0priemyseln\u00fd dizajn UTB Zl\u00edn,\u00a0ved\u00faci ateli\u00e9ru: doc. MgA. Martin Surman ArtD,\u00a0doktorand: MgA. Ond\u0159ej Puchta \u00a0 Ateli\u00e9r Industrial dizajn V\u0160VU Bratislava a [&hellip;]<\/p>","protected":false},"author":2,"featured_media":8097,"comment_status":"closed","ping_status":"closed","sticky":false,"template":"","format":"standard","meta":{"footnotes":""},"categories":[634,896],"tags":[],"_links":{"self":[{"href":"https:\/\/www.bratislavadesignweek.sk\/en\/wp-json\/wp\/v2\/posts\/8095"}],"collection":[{"href":"https:\/\/www.bratislavadesignweek.sk\/en\/wp-json\/wp\/v2\/posts"}],"about":[{"href":"https:\/\/www.bratislavadesignweek.sk\/en\/wp-json\/wp\/v2\/types\/post"}],"author":[{"embeddable":true,"href":"https:\/\/www.bratislavadesignweek.sk\/en\/wp-json\/wp\/v2\/users\/2"}],"replies":[{"embeddable":true,"href":"https:\/\/www.bratislavadesignweek.sk\/en\/wp-json\/wp\/v2\/comments?post=8095"}],"version-history":[{"count":1,"href":"https:\/\/www.bratislavadesignweek.sk\/en\/wp-json\/wp\/v2\/posts\/8095\/revisions"}],"predecessor-version":[{"id":8098,"href":"https:\/\/www.bratislavadesignweek.sk\/en\/wp-json\/wp\/v2\/posts\/8095\/revisions\/8098"}],"wp:featuredmedia":[{"embeddable":true,"href":"https:\/\/www.bratislavadesignweek.sk\/en\/wp-json\/wp\/v2\/media\/8097"}],"wp:attachment":[{"href":"https:\/\/www.bratislavadesignweek.sk\/en\/wp-json\/wp\/v2\/media?parent=8095"}],"wp:term":[{"taxonomy":"category","embeddable":true,"href":"https:\/\/www.bratislavadesignweek.sk\/en\/wp-json\/wp\/v2\/categories?post=8095"},{"taxonomy":"post_tag","embeddable":true,"href":"https:\/\/www.bratislavadesignweek.sk\/en\/wp-json\/wp\/v2\/tags?post=8095"}],"curies":[{"name":"wp","href":"https:\/\/api.w.org\/{rel}","templated":true}]}}