{"id":8104,"date":"2018-06-03T11:17:33","date_gmt":"2018-06-03T10:17:33","guid":{"rendered":"http:\/\/www.bratislavadesignweek.sk\/?p=8104"},"modified":"2024-09-25T12:24:23","modified_gmt":"2024-09-25T10:24:23","slug":"peter-liska-procesy-vysvetlovania","status":"publish","type":"post","link":"https:\/\/www.bratislavadesignweek.sk\/en\/peter-liska-procesy-vysvetlovania\/","title":{"rendered":"Peter Li\u0161ka\/ Procesy vysvet\u013eovania"},"content":{"rendered":"<p>[vc_column_text pb_margin_bottom=&#8220;no&#8220; pb_border_bottom=&#8220;no&#8220; width=&#8220;1\/3&#8243; el_position=&#8220;first&#8220;]<\/p>\n<p>&nbsp;<\/p>\n<p class=\"impact-text\">Procesy<\/p>\n<p class=\"impact-text\">vysvet\u013eovania<\/p>\n<p>Vznik diel a autorsk\u00e1 v\u00fdstava Petra Li\u0161ku, testuje grafick\u00fd dizajn a vizu\u00e1lnu komunik\u00e1ciu v procese vysvet\u013eovania fungovania reality okolo n\u00e1s na pozad\u00ed s\u00fa\u010dasnej vedy. N\u00e1met na v\u00fdstavu vych\u00e1dza z poznania, \u017ee na\u0161e pre\u017e\u00edvanie sveta sa \u00faplne neprekr\u00fdva s t\u00fdm, \u010do o \u0148om tvrd\u00ed veda cez syst\u00e9m dohodnut\u00fdch znakov a foriem z\u00e1znamov &#8211; napr\u00edklad diagramy, mapy, matematick\u00e9 d\u00f4kazy, kozmologick\u00e9 d\u00f4kazy, hodiny, ktor\u00e9 maj\u00fa vizu\u00e1lne aj obsahov\u00e9 kvality, ktor\u00e9 prehliadame, alebo ich vn\u00edmame stereotypne len ako &#8222;nejak\u00fd&#8220; vedeck\u00fd z\u00e1znam. Li\u0161ka ich chce uk\u00e1za\u0165 v<br \/>\nnovom kontexte, spochybni\u0165 tento sp\u00f4sob a uk\u00e1za\u0165 ich in\u00e9 kvality aj relativitu pri ich vn\u00edman\u00ed prostredn\u00edctvom vzniku diel, ktor\u00e9 to bud\u00fa komentova\u0165.<\/p>\n<p>V\u00fdstavu z verejn\u00fdch zdrojov podporil Bratislavsk\u00fd samospr\u00e1vny kraj.<\/p>\n<p>[\/vc_column_text] [vc_column_text pb_margin_bottom=&#8220;no&#8220; pb_border_bottom=&#8220;no&#8220; width=&#8220;1\/2&#8243; el_position=&#8220;last&#8220;]<\/p>\n<p>&nbsp;<\/p>\n<p><img fetchpriority=\"high\" decoding=\"async\" class=\"aligncenter size-full wp-image-8106\" src=\"http:\/\/www.bratislavadesignweek.sk\/wp-content\/uploads\/2018\/12\/bhrockets.png\" alt=\"\" width=\"802\" height=\"520\" srcset=\"https:\/\/www.bratislavadesignweek.sk\/wp-content\/uploads\/2018\/12\/bhrockets.png 802w, https:\/\/www.bratislavadesignweek.sk\/wp-content\/uploads\/2018\/12\/bhrockets-300x195.png 300w, https:\/\/www.bratislavadesignweek.sk\/wp-content\/uploads\/2018\/12\/bhrockets-768x498.png 768w\" sizes=\"(max-width: 802px) 100vw, 802px\" \/><\/p>\n<p>&nbsp;<\/p>\n<p>[\/vc_column_text]<\/p>","protected":false},"excerpt":{"rendered":"<p>[vc_column_text pb_margin_bottom=&#8220;no&#8220; pb_border_bottom=&#8220;no&#8220; width=&#8220;1\/3&#8243; el_position=&#8220;first&#8220;] &nbsp; Procesy vysvet\u013eovania Vznik diel a autorsk\u00e1 v\u00fdstava Petra Li\u0161ku, testuje grafick\u00fd dizajn a vizu\u00e1lnu komunik\u00e1ciu v procese vysvet\u013eovania fungovania reality okolo n\u00e1s na pozad\u00ed s\u00fa\u010dasnej vedy. N\u00e1met na v\u00fdstavu vych\u00e1dza z poznania, \u017ee na\u0161e pre\u017e\u00edvanie sveta sa \u00faplne neprekr\u00fdva s t\u00fdm, \u010do o \u0148om tvrd\u00ed veda cez syst\u00e9m dohodnut\u00fdch [&hellip;]<\/p>","protected":false},"author":2,"featured_media":8106,"comment_status":"closed","ping_status":"closed","sticky":false,"template":"","format":"standard","meta":{"footnotes":""},"categories":[634,896],"tags":[],"_links":{"self":[{"href":"https:\/\/www.bratislavadesignweek.sk\/en\/wp-json\/wp\/v2\/posts\/8104"}],"collection":[{"href":"https:\/\/www.bratislavadesignweek.sk\/en\/wp-json\/wp\/v2\/posts"}],"about":[{"href":"https:\/\/www.bratislavadesignweek.sk\/en\/wp-json\/wp\/v2\/types\/post"}],"author":[{"embeddable":true,"href":"https:\/\/www.bratislavadesignweek.sk\/en\/wp-json\/wp\/v2\/users\/2"}],"replies":[{"embeddable":true,"href":"https:\/\/www.bratislavadesignweek.sk\/en\/wp-json\/wp\/v2\/comments?post=8104"}],"version-history":[{"count":2,"href":"https:\/\/www.bratislavadesignweek.sk\/en\/wp-json\/wp\/v2\/posts\/8104\/revisions"}],"predecessor-version":[{"id":8108,"href":"https:\/\/www.bratislavadesignweek.sk\/en\/wp-json\/wp\/v2\/posts\/8104\/revisions\/8108"}],"wp:featuredmedia":[{"embeddable":true,"href":"https:\/\/www.bratislavadesignweek.sk\/en\/wp-json\/wp\/v2\/media\/8106"}],"wp:attachment":[{"href":"https:\/\/www.bratislavadesignweek.sk\/en\/wp-json\/wp\/v2\/media?parent=8104"}],"wp:term":[{"taxonomy":"category","embeddable":true,"href":"https:\/\/www.bratislavadesignweek.sk\/en\/wp-json\/wp\/v2\/categories?post=8104"},{"taxonomy":"post_tag","embeddable":true,"href":"https:\/\/www.bratislavadesignweek.sk\/en\/wp-json\/wp\/v2\/tags?post=8104"}],"curies":[{"name":"wp","href":"https:\/\/api.w.org\/{rel}","templated":true}]}}