{"id":9495,"date":"2020-11-04T15:24:56","date_gmt":"2020-11-04T14:24:56","guid":{"rendered":"http:\/\/www.bratislavadesignweek.sk\/?p=9495"},"modified":"2020-11-04T15:24:59","modified_gmt":"2020-11-04T14:24:59","slug":"tadeas-podracky-ceska-republika","status":"publish","type":"post","link":"https:\/\/www.bratislavadesignweek.sk\/en\/tadeas-podracky-ceska-republika\/","title":{"rendered":"Tade\u00e1\u0161 Podrack\u00fd, Czech Republic"},"content":{"rendered":"<ul class=\"wp-block-gallery columns-3 is-cropped wp-block-gallery-1 is-layout-flex wp-block-gallery-is-layout-flex\"><li class=\"blocks-gallery-item\"><figure><img fetchpriority=\"high\" decoding=\"async\" width=\"259\" height=\"194\" src=\"http:\/\/www.bratislavadesignweek.sk\/wp-content\/uploads\/2020\/11\/download.jpg\" alt=\"\" data-id=\"9496\" data-link=\"http:\/\/www.bratislavadesignweek.sk\/?attachment_id=9496\" class=\"wp-image-9496\" srcset=\"https:\/\/www.bratislavadesignweek.sk\/wp-content\/uploads\/2020\/11\/download.jpg 259w, https:\/\/www.bratislavadesignweek.sk\/wp-content\/uploads\/2020\/11\/download-94x70.jpg 94w\" sizes=\"(max-width: 259px) 100vw, 259px\" \/><\/figure><\/li><li class=\"blocks-gallery-item\"><figure><img decoding=\"async\" width=\"960\" height=\"960\" src=\"http:\/\/www.bratislavadesignweek.sk\/wp-content\/uploads\/2020\/11\/123137037_3679874825384505_5173098661010348491_n.jpg\" alt=\"\" data-id=\"9497\" data-link=\"http:\/\/www.bratislavadesignweek.sk\/?attachment_id=9497\" class=\"wp-image-9497\" srcset=\"https:\/\/www.bratislavadesignweek.sk\/wp-content\/uploads\/2020\/11\/123137037_3679874825384505_5173098661010348491_n.jpg 960w, https:\/\/www.bratislavadesignweek.sk\/wp-content\/uploads\/2020\/11\/123137037_3679874825384505_5173098661010348491_n-150x150.jpg 150w, https:\/\/www.bratislavadesignweek.sk\/wp-content\/uploads\/2020\/11\/123137037_3679874825384505_5173098661010348491_n-300x300.jpg 300w, https:\/\/www.bratislavadesignweek.sk\/wp-content\/uploads\/2020\/11\/123137037_3679874825384505_5173098661010348491_n-768x768.jpg 768w\" sizes=\"(max-width: 960px) 100vw, 960px\" \/><\/figure><\/li><li class=\"blocks-gallery-item\"><figure><img decoding=\"async\" width=\"403\" height=\"596\" src=\"http:\/\/www.bratislavadesignweek.sk\/wp-content\/uploads\/2020\/11\/123235636_3679875038717817_304565178230248607_n.jpg\" alt=\"\" data-id=\"9498\" data-link=\"http:\/\/www.bratislavadesignweek.sk\/?attachment_id=9498\" class=\"wp-image-9498\" srcset=\"https:\/\/www.bratislavadesignweek.sk\/wp-content\/uploads\/2020\/11\/123235636_3679875038717817_304565178230248607_n.jpg 403w, https:\/\/www.bratislavadesignweek.sk\/wp-content\/uploads\/2020\/11\/123235636_3679875038717817_304565178230248607_n-203x300.jpg 203w\" sizes=\"(max-width: 403px) 100vw, 403px\" \/><\/figure><\/li><\/ul>\n\n\n\n<p>Tvorba Podrack\u00e9ho kombinuje jeho jedine\u010dn\u00fd pr\u00edstup postaven\u00fd na na komplexn\u00fdch historick\u00fdch a materi\u00e1lov\u00fdch v\u00fdskumoch, ktor\u00fd vytv\u00e1ra jeho svojr\u00e1zny \u0161t\u00fdl. Prepojenie remesla a \u00facty k tradi\u010dn\u00e9mu dedi\u010dstvu v\u00fdroby v kombin\u00e1cii s modernou estetikou a t\u00e9mami rob\u00ed z Podrack\u00e9ho vizion\u00e1ra, ktor\u00fd dok\u00e1\u017ee citlivo vnies\u0165 do dizajnu nov\u00e9 mo\u017enosti a v\u00fdznamy v dne\u0161nom \u017eivote. Napriek tomu, \u017ee je zn\u00e1my ve\u013ekorys\u00fdmi umeleck\u00fdmi objektmi, jeho oblas\u0165 z\u00e1ujmu je aj v discipl\u00ednach produktov\u00e9ho dizajnu, ako s\u00fa stolov\u00e9 dosky, osvetlenie alebo n\u00e1bytok. <\/p>\n\n\n\n<p>www.tadeaspodracky.com<\/p>","protected":false},"excerpt":{"rendered":"<p>Podracky's work combines his unique approach based on comprehensive historical and material research to create his distinctive style. The fusion of craftsmanship and respect for the traditional heritage of manufacturing, combined with modern aesthetics and themes, makes Podracky a visionary who can sensitively bring new possibilities and meanings to design in today's world. Despite being [...]<\/p>","protected":false},"author":2,"featured_media":0,"comment_status":"closed","ping_status":"closed","sticky":false,"template":"","format":"standard","meta":{"footnotes":""},"categories":[839,834,786,848],"tags":[],"_links":{"self":[{"href":"https:\/\/www.bratislavadesignweek.sk\/en\/wp-json\/wp\/v2\/posts\/9495"}],"collection":[{"href":"https:\/\/www.bratislavadesignweek.sk\/en\/wp-json\/wp\/v2\/posts"}],"about":[{"href":"https:\/\/www.bratislavadesignweek.sk\/en\/wp-json\/wp\/v2\/types\/post"}],"author":[{"embeddable":true,"href":"https:\/\/www.bratislavadesignweek.sk\/en\/wp-json\/wp\/v2\/users\/2"}],"replies":[{"embeddable":true,"href":"https:\/\/www.bratislavadesignweek.sk\/en\/wp-json\/wp\/v2\/comments?post=9495"}],"version-history":[{"count":1,"href":"https:\/\/www.bratislavadesignweek.sk\/en\/wp-json\/wp\/v2\/posts\/9495\/revisions"}],"predecessor-version":[{"id":9500,"href":"https:\/\/www.bratislavadesignweek.sk\/en\/wp-json\/wp\/v2\/posts\/9495\/revisions\/9500"}],"wp:attachment":[{"href":"https:\/\/www.bratislavadesignweek.sk\/en\/wp-json\/wp\/v2\/media?parent=9495"}],"wp:term":[{"taxonomy":"category","embeddable":true,"href":"https:\/\/www.bratislavadesignweek.sk\/en\/wp-json\/wp\/v2\/categories?post=9495"},{"taxonomy":"post_tag","embeddable":true,"href":"https:\/\/www.bratislavadesignweek.sk\/en\/wp-json\/wp\/v2\/tags?post=9495"}],"curies":[{"name":"wp","href":"https:\/\/api.w.org\/{rel}","templated":true}]}}