{"id":9513,"date":"2020-11-04T15:44:47","date_gmt":"2020-11-04T14:44:47","guid":{"rendered":"http:\/\/www.bratislavadesignweek.sk\/?p=9513"},"modified":"2020-11-04T15:44:53","modified_gmt":"2020-11-04T14:44:53","slug":"ward-wijnant-holandsko","status":"publish","type":"post","link":"https:\/\/www.bratislavadesignweek.sk\/en\/ward-wijnant-holandsko\/","title":{"rendered":"Ward Wijnant, Netherlands"},"content":{"rendered":"<ul class=\"wp-block-gallery columns-3 is-cropped wp-block-gallery-1 is-layout-flex wp-block-gallery-is-layout-flex\"><li class=\"blocks-gallery-item\"><figure><img fetchpriority=\"high\" decoding=\"async\" width=\"600\" height=\"600\" src=\"http:\/\/www.bratislavadesignweek.sk\/wp-content\/uploads\/2020\/11\/123434500_3688449061193748_5363074977771703245_n.jpg\" alt=\"\" data-id=\"9514\" data-link=\"http:\/\/www.bratislavadesignweek.sk\/?attachment_id=9514\" class=\"wp-image-9514\" srcset=\"https:\/\/www.bratislavadesignweek.sk\/wp-content\/uploads\/2020\/11\/123434500_3688449061193748_5363074977771703245_n.jpg 600w, https:\/\/www.bratislavadesignweek.sk\/wp-content\/uploads\/2020\/11\/123434500_3688449061193748_5363074977771703245_n-150x150.jpg 150w, https:\/\/www.bratislavadesignweek.sk\/wp-content\/uploads\/2020\/11\/123434500_3688449061193748_5363074977771703245_n-300x300.jpg 300w\" sizes=\"(max-width: 600px) 100vw, 600px\" \/><\/figure><\/li><li class=\"blocks-gallery-item\"><figure><img decoding=\"async\" width=\"600\" height=\"600\" src=\"http:\/\/www.bratislavadesignweek.sk\/wp-content\/uploads\/2020\/11\/123641548_3688448961193758_8191842302774605658_n.jpg\" alt=\"\" data-id=\"9515\" data-link=\"http:\/\/www.bratislavadesignweek.sk\/?attachment_id=9515\" class=\"wp-image-9515\" srcset=\"https:\/\/www.bratislavadesignweek.sk\/wp-content\/uploads\/2020\/11\/123641548_3688448961193758_8191842302774605658_n.jpg 600w, https:\/\/www.bratislavadesignweek.sk\/wp-content\/uploads\/2020\/11\/123641548_3688448961193758_8191842302774605658_n-150x150.jpg 150w, https:\/\/www.bratislavadesignweek.sk\/wp-content\/uploads\/2020\/11\/123641548_3688448961193758_8191842302774605658_n-300x300.jpg 300w\" sizes=\"(max-width: 600px) 100vw, 600px\" \/><\/figure><\/li><li class=\"blocks-gallery-item\"><figure><img decoding=\"async\" width=\"600\" height=\"599\" src=\"http:\/\/www.bratislavadesignweek.sk\/wp-content\/uploads\/2020\/11\/123623633_3688449187860402_2009519423897039027_n.jpg\" alt=\"\" data-id=\"9516\" data-link=\"http:\/\/www.bratislavadesignweek.sk\/?attachment_id=9516\" class=\"wp-image-9516\" srcset=\"https:\/\/www.bratislavadesignweek.sk\/wp-content\/uploads\/2020\/11\/123623633_3688449187860402_2009519423897039027_n.jpg 600w, https:\/\/www.bratislavadesignweek.sk\/wp-content\/uploads\/2020\/11\/123623633_3688449187860402_2009519423897039027_n-150x150.jpg 150w, https:\/\/www.bratislavadesignweek.sk\/wp-content\/uploads\/2020\/11\/123623633_3688449187860402_2009519423897039027_n-300x300.jpg 300w\" sizes=\"(max-width: 600px) 100vw, 600px\" \/><\/figure><\/li><\/ul>\n\n\n\n<p>Ward svojimi objektmi poukazuje na d\u00f4le\u017eitos\u0165 remesla. Remeseln\u00e9 met\u00f3dy kombinovan\u00e9 s univerz\u00e1lnymi materi\u00e1lmi steles\u0148uj\u00face osobitn\u00fa estetiku. Presne na to chce Ward vo svojich n\u00e1vrhoch pouk\u00e1za\u0165 &#8211; ako materi\u00e1ly a sp\u00f4sob ich spracovania ovplyv\u0148uj\u00fa tvar. Chce uk\u00e1za\u0165 materi\u00e1ly z nov\u00e9ho poh\u013eadu a so svie\u017eim poh\u013eadom na starod\u00e1vne remeseln\u00e9 techniky. <\/p>\n\n\n\n<p>Pr\u00e1ce Warda Wijnata uvid\u00edte v Apponyiho pal\u00e1ci.<\/p>\n\n\n\n<p>http:\/\/wardwijnant.nl\/about<\/p>","protected":false},"excerpt":{"rendered":"<p>Ward uses his objects to highlight the importance of craft. Craftsmanship methods combined with universal materials embody a particular aesthetic. This is exactly what Ward wants to point out in his designs - how materials and the way they are processed influence shape. He wants to show materials from a new perspective and with a fresh look at ancient craft techniques. You can see Ward Wijnat's work at the Apponyi Palace. [...]<\/p>","protected":false},"author":2,"featured_media":0,"comment_status":"closed","ping_status":"closed","sticky":false,"template":"","format":"standard","meta":{"footnotes":""},"categories":[846,839,834,786,848],"tags":[],"_links":{"self":[{"href":"https:\/\/www.bratislavadesignweek.sk\/en\/wp-json\/wp\/v2\/posts\/9513"}],"collection":[{"href":"https:\/\/www.bratislavadesignweek.sk\/en\/wp-json\/wp\/v2\/posts"}],"about":[{"href":"https:\/\/www.bratislavadesignweek.sk\/en\/wp-json\/wp\/v2\/types\/post"}],"author":[{"embeddable":true,"href":"https:\/\/www.bratislavadesignweek.sk\/en\/wp-json\/wp\/v2\/users\/2"}],"replies":[{"embeddable":true,"href":"https:\/\/www.bratislavadesignweek.sk\/en\/wp-json\/wp\/v2\/comments?post=9513"}],"version-history":[{"count":1,"href":"https:\/\/www.bratislavadesignweek.sk\/en\/wp-json\/wp\/v2\/posts\/9513\/revisions"}],"predecessor-version":[{"id":9518,"href":"https:\/\/www.bratislavadesignweek.sk\/en\/wp-json\/wp\/v2\/posts\/9513\/revisions\/9518"}],"wp:attachment":[{"href":"https:\/\/www.bratislavadesignweek.sk\/en\/wp-json\/wp\/v2\/media?parent=9513"}],"wp:term":[{"taxonomy":"category","embeddable":true,"href":"https:\/\/www.bratislavadesignweek.sk\/en\/wp-json\/wp\/v2\/categories?post=9513"},{"taxonomy":"post_tag","embeddable":true,"href":"https:\/\/www.bratislavadesignweek.sk\/en\/wp-json\/wp\/v2\/tags?post=9513"}],"curies":[{"name":"wp","href":"https:\/\/api.w.org\/{rel}","templated":true}]}}