{"id":9519,"date":"2020-11-04T15:50:14","date_gmt":"2020-11-04T14:50:14","guid":{"rendered":"http:\/\/www.bratislavadesignweek.sk\/?p=9519"},"modified":"2020-11-04T15:50:22","modified_gmt":"2020-11-04T14:50:22","slug":"james-shaw-velka-britania","status":"publish","type":"post","link":"https:\/\/www.bratislavadesignweek.sk\/en\/james-shaw-velka-britania\/","title":{"rendered":"James Shaw, United Kingdom"},"content":{"rendered":"<ul class=\"wp-block-gallery columns-3 is-cropped wp-block-gallery-1 is-layout-flex wp-block-gallery-is-layout-flex\"><li class=\"blocks-gallery-item\"><figure><img fetchpriority=\"high\" decoding=\"async\" width=\"526\" height=\"526\" src=\"http:\/\/www.bratislavadesignweek.sk\/wp-content\/uploads\/2020\/11\/123597893_3691184874253500_7158093422613459960_o.jpg\" alt=\"\" data-id=\"9520\" data-link=\"http:\/\/www.bratislavadesignweek.sk\/?attachment_id=9520\" class=\"wp-image-9520\" srcset=\"https:\/\/www.bratislavadesignweek.sk\/wp-content\/uploads\/2020\/11\/123597893_3691184874253500_7158093422613459960_o.jpg 526w, https:\/\/www.bratislavadesignweek.sk\/wp-content\/uploads\/2020\/11\/123597893_3691184874253500_7158093422613459960_o-150x150.jpg 150w, https:\/\/www.bratislavadesignweek.sk\/wp-content\/uploads\/2020\/11\/123597893_3691184874253500_7158093422613459960_o-300x300.jpg 300w\" sizes=\"(max-width: 526px) 100vw, 526px\" \/><\/figure><\/li><li class=\"blocks-gallery-item\"><figure><img decoding=\"async\" width=\"275\" height=\"183\" src=\"http:\/\/www.bratislavadesignweek.sk\/wp-content\/uploads\/2020\/11\/download-5.jpg\" alt=\"\" data-id=\"9521\" data-link=\"http:\/\/www.bratislavadesignweek.sk\/?attachment_id=9521\" class=\"wp-image-9521\"\/><\/figure><\/li><li class=\"blocks-gallery-item\"><figure><img decoding=\"async\" width=\"275\" height=\"183\" src=\"http:\/\/www.bratislavadesignweek.sk\/wp-content\/uploads\/2020\/11\/download-6.jpg\" alt=\"\" data-id=\"9522\" data-link=\"http:\/\/www.bratislavadesignweek.sk\/?attachment_id=9522\" class=\"wp-image-9522\"\/><\/figure><\/li><\/ul>\n\n\n\n<p>James Shaw pracuje najm\u00e4 so sk\u00faman\u00edm materi\u00e1lnej str\u00e1nky hmoty, ale z\u00e1rove\u0148 sa zameriava aj na praktick\u00fd pr\u00edstup. Jeho pr\u00e1ca \u010dasto berie do \u00favahy zdroje okolo n\u00e1s, ktor\u00e9 spochyb\u0148uj\u00fa predstavu \u201eodpadu\u201c pri vytv\u00e1ran\u00ed nov\u00fdch kr\u00e1snych materi\u00e1lov.  Odpadov\u00e9 plasty s\u00fa k\u013e\u00fa\u010dovou t\u00e9mou jeho s\u00e9rie Plastov\u00e9 baroko.  <\/p>\n\n\n\n<p>Pr\u00e1ce Jamesa Shawa uvid\u00edte v Apponyiho pal\u00e1ci. <\/p>\n\n\n\n<p>https:\/\/jamesmichaelshaw.co.uk\/<\/p>\n\n\n\n<p><br><\/p>","protected":false},"excerpt":{"rendered":"<p>James Shaw works mainly with exploring the material side of matter, but he also focuses on a practical approach. His work often takes into account the resources around us that challenge the idea of 'waste' in the creation of new beautiful materials. Waste plastics are a key theme in his Plastic Baroque series. You will see James Shaw's work at the Apponyi Palace. https:\/\/jamesmichaelshaw.co.uk\/<\/p>","protected":false},"author":2,"featured_media":0,"comment_status":"closed","ping_status":"closed","sticky":false,"template":"","format":"standard","meta":{"footnotes":""},"categories":[846,839,834,786,848],"tags":[],"_links":{"self":[{"href":"https:\/\/www.bratislavadesignweek.sk\/en\/wp-json\/wp\/v2\/posts\/9519"}],"collection":[{"href":"https:\/\/www.bratislavadesignweek.sk\/en\/wp-json\/wp\/v2\/posts"}],"about":[{"href":"https:\/\/www.bratislavadesignweek.sk\/en\/wp-json\/wp\/v2\/types\/post"}],"author":[{"embeddable":true,"href":"https:\/\/www.bratislavadesignweek.sk\/en\/wp-json\/wp\/v2\/users\/2"}],"replies":[{"embeddable":true,"href":"https:\/\/www.bratislavadesignweek.sk\/en\/wp-json\/wp\/v2\/comments?post=9519"}],"version-history":[{"count":1,"href":"https:\/\/www.bratislavadesignweek.sk\/en\/wp-json\/wp\/v2\/posts\/9519\/revisions"}],"predecessor-version":[{"id":9524,"href":"https:\/\/www.bratislavadesignweek.sk\/en\/wp-json\/wp\/v2\/posts\/9519\/revisions\/9524"}],"wp:attachment":[{"href":"https:\/\/www.bratislavadesignweek.sk\/en\/wp-json\/wp\/v2\/media?parent=9519"}],"wp:term":[{"taxonomy":"category","embeddable":true,"href":"https:\/\/www.bratislavadesignweek.sk\/en\/wp-json\/wp\/v2\/categories?post=9519"},{"taxonomy":"post_tag","embeddable":true,"href":"https:\/\/www.bratislavadesignweek.sk\/en\/wp-json\/wp\/v2\/tags?post=9519"}],"curies":[{"name":"wp","href":"https:\/\/api.w.org\/{rel}","templated":true}]}}