{"id":9531,"date":"2020-11-04T16:16:14","date_gmt":"2020-11-04T15:16:14","guid":{"rendered":"http:\/\/www.bratislavadesignweek.sk\/?p=9531"},"modified":"2020-11-12T11:54:32","modified_gmt":"2020-11-12T10:54:32","slug":"simona-janisova","status":"publish","type":"post","link":"https:\/\/www.bratislavadesignweek.sk\/en\/simona-janisova\/","title":{"rendered":"Simona Jani\u0161ov\u00e1"},"content":{"rendered":"<ul class=\"wp-block-gallery columns-1 is-cropped wp-block-gallery-1 is-layout-flex wp-block-gallery-is-layout-flex\"><li class=\"blocks-gallery-item\"><figure><img fetchpriority=\"high\" decoding=\"async\" width=\"782\" height=\"1024\" src=\"http:\/\/www.bratislavadesignweek.sk\/wp-content\/uploads\/2020\/11\/IMG_20201027_201728510-1-1-782x1024.jpg\" alt=\"\" data-id=\"9533\" data-link=\"http:\/\/www.bratislavadesignweek.sk\/?attachment_id=9533\" class=\"wp-image-9533\" srcset=\"https:\/\/www.bratislavadesignweek.sk\/wp-content\/uploads\/2020\/11\/IMG_20201027_201728510-1-1-782x1024.jpg 782w, https:\/\/www.bratislavadesignweek.sk\/wp-content\/uploads\/2020\/11\/IMG_20201027_201728510-1-1-229x300.jpg 229w, https:\/\/www.bratislavadesignweek.sk\/wp-content\/uploads\/2020\/11\/IMG_20201027_201728510-1-1-768x1005.jpg 768w, https:\/\/www.bratislavadesignweek.sk\/wp-content\/uploads\/2020\/11\/IMG_20201027_201728510-1-1-1280x1675.jpg 1280w\" sizes=\"(max-width: 782px) 100vw, 782px\" \/><\/figure><\/li><\/ul>\n\n\n\n<p>Pelike &#8211; moja najnov\u0161ia s\u00e9ria objektov\/v\u00e1z, je pomenovan\u00e1 pod\u013ea tradi\u010dn\u00fdch gr\u00e9ckych keramick\u00fdch n\u00e1dob. Tematicky \u0148ou nadv\u00e4zujem na predch\u00e1dzaj\u00face projekty, no form\u00e1lne sa vraciam ku konkr\u00e9tnemu zobrazeniu postavy, ktorou som sa u\u017e v minulosti nieko\u013eko kr\u00e1t zaoberala. Uva\u017eovanie o figur\u00e1lnej plastike je v tejto pr\u00e1ci sp\u00e4t\u00e9 s osobn\u00fdm pre\u017e\u00edvan\u00edm telesnosti a s metaforou tela, ako n\u00e1doby. Solit\u00e9rne objekty s\u00fa tvoren\u00e9 kombin\u00e1ciou r\u00f4znorod\u00fdch keramick\u00fdch materi\u00e1lov, tradi\u010dn\u00fdch aj experiment\u00e1lnych techn\u00edk.<\/p>\n\n\n\n<p>Projekt z verejn\u00fdch zdrojov podporil Fond na podporu umenia.<\/p>\n\n\n\n<p>Tr\u00e1nsform\u00e1cia je evol\u00facia, \u010di u\u017e nev\u00edtan\u00e1 alebo \u017eiadan\u00e1, no v\u017edy nevyhnutn\u00e1. Zmene sa (na\u0161\u0165astie) nevyhneme. V\u0161ak o tom spievaj\u00fa David Bowie aj Miley Cyrus. To u\u017e nie\u010do znamen\u00e1.&nbsp;<br><\/p>","protected":false},"excerpt":{"rendered":"<p>Pelike - my latest series of objects\/vases, is named after traditional Greek ceramic vessels. Thematically, I am building on previous projects, but formally I am returning to a specific representation of a figure I have dealt with several times in the past. The consideration of figurative sculpture in this work is linked to a personal experience of corporeality and to the metaphor of the body as vessel. [...]<\/p>","protected":false},"author":2,"featured_media":0,"comment_status":"closed","ping_status":"closed","sticky":false,"template":"","format":"standard","meta":{"footnotes":""},"categories":[833,848],"tags":[],"_links":{"self":[{"href":"https:\/\/www.bratislavadesignweek.sk\/en\/wp-json\/wp\/v2\/posts\/9531"}],"collection":[{"href":"https:\/\/www.bratislavadesignweek.sk\/en\/wp-json\/wp\/v2\/posts"}],"about":[{"href":"https:\/\/www.bratislavadesignweek.sk\/en\/wp-json\/wp\/v2\/types\/post"}],"author":[{"embeddable":true,"href":"https:\/\/www.bratislavadesignweek.sk\/en\/wp-json\/wp\/v2\/users\/2"}],"replies":[{"embeddable":true,"href":"https:\/\/www.bratislavadesignweek.sk\/en\/wp-json\/wp\/v2\/comments?post=9531"}],"version-history":[{"count":3,"href":"https:\/\/www.bratislavadesignweek.sk\/en\/wp-json\/wp\/v2\/posts\/9531\/revisions"}],"predecessor-version":[{"id":9691,"href":"https:\/\/www.bratislavadesignweek.sk\/en\/wp-json\/wp\/v2\/posts\/9531\/revisions\/9691"}],"wp:attachment":[{"href":"https:\/\/www.bratislavadesignweek.sk\/en\/wp-json\/wp\/v2\/media?parent=9531"}],"wp:term":[{"taxonomy":"category","embeddable":true,"href":"https:\/\/www.bratislavadesignweek.sk\/en\/wp-json\/wp\/v2\/categories?post=9531"},{"taxonomy":"post_tag","embeddable":true,"href":"https:\/\/www.bratislavadesignweek.sk\/en\/wp-json\/wp\/v2\/tags?post=9531"}],"curies":[{"name":"wp","href":"https:\/\/api.w.org\/{rel}","templated":true}]}}