{"id":9544,"date":"2020-11-05T14:54:23","date_gmt":"2020-11-05T13:54:23","guid":{"rendered":"http:\/\/www.bratislavadesignweek.sk\/?p=9544"},"modified":"2020-11-05T14:57:16","modified_gmt":"2020-11-05T13:57:16","slug":"marko-horban","status":"publish","type":"post","link":"https:\/\/www.bratislavadesignweek.sk\/en\/marko-horban\/","title":{"rendered":"Marko Horban"},"content":{"rendered":"<ul class=\"wp-block-gallery columns-1 is-cropped wp-block-gallery-1 is-layout-flex wp-block-gallery-is-layout-flex\"><li class=\"blocks-gallery-item\"><figure><img fetchpriority=\"high\" decoding=\"async\" width=\"1024\" height=\"1024\" src=\"http:\/\/www.bratislavadesignweek.sk\/wp-content\/uploads\/2020\/11\/VERK_lab-1-2-1024x1024.jpg\" alt=\"\" data-id=\"9548\" data-link=\"http:\/\/www.bratislavadesignweek.sk\/marko-horban\/verk_lab-1-3\/\" class=\"wp-image-9548\" srcset=\"https:\/\/www.bratislavadesignweek.sk\/wp-content\/uploads\/2020\/11\/VERK_lab-1-2-1024x1024.jpg 1024w, https:\/\/www.bratislavadesignweek.sk\/wp-content\/uploads\/2020\/11\/VERK_lab-1-2-150x150.jpg 150w, https:\/\/www.bratislavadesignweek.sk\/wp-content\/uploads\/2020\/11\/VERK_lab-1-2-300x300.jpg 300w, https:\/\/www.bratislavadesignweek.sk\/wp-content\/uploads\/2020\/11\/VERK_lab-1-2-768x768.jpg 768w, https:\/\/www.bratislavadesignweek.sk\/wp-content\/uploads\/2020\/11\/VERK_lab-1-2-1280x1280.jpg 1280w\" sizes=\"(max-width: 1024px) 100vw, 1024px\" \/><\/figure><\/li><\/ul>\n\n\n\n<p>Transform\u00e1cia\/premena<\/p>\n\n\n\n<p>Kde funguje premena,\nnepre\u017eije stereotyp.<\/p>\n\n\n\n<p>Ke\u010f za\u017e\u00edvame premenu,\nsme s\u00fa\u010das\u0165ou mikro evol\u00facie.<\/p>\n\n\n\n<p>Premena je evol\u00facia\nbez pr\u00edtomnosti stereotypu, i ke\u010f stereotyp m\u00f4\u017ee by\u0165 katalyz\u00e1torom takejto\npremeny.<\/p>\n\n\n\n<p>Vn\u00fatorn\u00e1 t\u00e9ma stol\u00edkov\nsa pohr\u00e1va s ideou pr\u00e1ce a jej zmyselnosti, hodnoty a existenci\u00e1lnej nutnosti.\nNie v\u0161etko \u010do rob\u00edme n\u00e1m prin\u00e1\u0161a uspokojenie, ale ver\u00edme \u017ee \u00fa\u010del tejto \u010dinnosti\nd\u00e1va zmysel v\u00e4\u010d\u0161iemu celku, ktor\u00fd je nadraden\u00fd na\u0161emu pochopeniu. V opa\u010dnom\npr\u00edpade to rob\u00edme z v\u00e1\u0161ne a to nepotrebuje vysvetlenie.<\/p>\n\n\n\n<ul class=\"wp-block-gallery columns-0 is-cropped wp-block-gallery-2 is-layout-flex wp-block-gallery-is-layout-flex\"><\/ul>\n\n\n\n<p>The internal theme of\nthe tables plays with the idea of work and its sensuality, value and\nexistential necessity. Not everything we do brings us satisfaction, but we\nbelieve that the purpose of this activity makes sense to a larger whole that is\nsuperior to our understanding. Otherwise, we do it out of passion and it needs\nno explanation.<\/p>","protected":false},"excerpt":{"rendered":"<p>Transformation\/Transformation Where transformation works, the stereotype will not survive. When we experience transformation, we are part of a micro evolution. Transformation is evolution without the presence of a stereotype, although a stereotype can be a catalyst for such transformation. The internal theme of the tables plays with the idea of work and its sensuality, value and existential necessity. Not everything we do brings us satisfaction, but we believe that the purpose of [...]<\/p>","protected":false},"author":2,"featured_media":0,"comment_status":"closed","ping_status":"closed","sticky":false,"template":"","format":"standard","meta":{"footnotes":""},"categories":[786,833,848],"tags":[],"_links":{"self":[{"href":"https:\/\/www.bratislavadesignweek.sk\/en\/wp-json\/wp\/v2\/posts\/9544"}],"collection":[{"href":"https:\/\/www.bratislavadesignweek.sk\/en\/wp-json\/wp\/v2\/posts"}],"about":[{"href":"https:\/\/www.bratislavadesignweek.sk\/en\/wp-json\/wp\/v2\/types\/post"}],"author":[{"embeddable":true,"href":"https:\/\/www.bratislavadesignweek.sk\/en\/wp-json\/wp\/v2\/users\/2"}],"replies":[{"embeddable":true,"href":"https:\/\/www.bratislavadesignweek.sk\/en\/wp-json\/wp\/v2\/comments?post=9544"}],"version-history":[{"count":3,"href":"https:\/\/www.bratislavadesignweek.sk\/en\/wp-json\/wp\/v2\/posts\/9544\/revisions"}],"predecessor-version":[{"id":9551,"href":"https:\/\/www.bratislavadesignweek.sk\/en\/wp-json\/wp\/v2\/posts\/9544\/revisions\/9551"}],"wp:attachment":[{"href":"https:\/\/www.bratislavadesignweek.sk\/en\/wp-json\/wp\/v2\/media?parent=9544"}],"wp:term":[{"taxonomy":"category","embeddable":true,"href":"https:\/\/www.bratislavadesignweek.sk\/en\/wp-json\/wp\/v2\/categories?post=9544"},{"taxonomy":"post_tag","embeddable":true,"href":"https:\/\/www.bratislavadesignweek.sk\/en\/wp-json\/wp\/v2\/tags?post=9544"}],"curies":[{"name":"wp","href":"https:\/\/api.w.org\/{rel}","templated":true}]}}