{"id":9564,"date":"2020-11-05T15:25:49","date_gmt":"2020-11-05T14:25:49","guid":{"rendered":"http:\/\/www.bratislavadesignweek.sk\/?p=9564"},"modified":"2020-11-12T11:55:13","modified_gmt":"2020-11-12T10:55:13","slug":"linda-vikova","status":"publish","type":"post","link":"https:\/\/www.bratislavadesignweek.sk\/en\/linda-vikova\/","title":{"rendered":"Linda Vikov\u00e1"},"content":{"rendered":"<ul class=\"wp-block-gallery columns-3 is-cropped wp-block-gallery-1 is-layout-flex wp-block-gallery-is-layout-flex\"><li class=\"blocks-gallery-item\"><figure><img decoding=\"async\" src=\"blob:http:\/\/www.bratislavadesignweek.sk\/70428277-85af-4c4f-8317-4b3a14e28fff\"\/><\/figure><\/li><li class=\"blocks-gallery-item\"><figure><img decoding=\"async\" src=\"blob:http:\/\/www.bratislavadesignweek.sk\/069cd745-d7f1-4f4b-abc7-b904b1853708\"\/><\/figure><\/li><li class=\"blocks-gallery-item\"><figure><img fetchpriority=\"high\" decoding=\"async\" width=\"683\" height=\"1024\" src=\"http:\/\/www.bratislavadesignweek.sk\/wp-content\/uploads\/2020\/11\/Linda-Vikova\u0301June2019foto-Mafin-Laurincova\u0301-1-683x1024.jpg\" alt=\"\" data-id=\"9567\" data-link=\"http:\/\/www.bratislavadesignweek.sk\/?attachment_id=9567\" class=\"wp-image-9567\" srcset=\"https:\/\/www.bratislavadesignweek.sk\/wp-content\/uploads\/2020\/11\/Linda-Vikova\u0301June2019foto-Mafin-Laurincova\u0301-1-683x1024.jpg 683w, https:\/\/www.bratislavadesignweek.sk\/wp-content\/uploads\/2020\/11\/Linda-Vikova\u0301June2019foto-Mafin-Laurincova\u0301-1-200x300.jpg 200w, https:\/\/www.bratislavadesignweek.sk\/wp-content\/uploads\/2020\/11\/Linda-Vikova\u0301June2019foto-Mafin-Laurincova\u0301-1-768x1151.jpg 768w, https:\/\/www.bratislavadesignweek.sk\/wp-content\/uploads\/2020\/11\/Linda-Vikova\u0301June2019foto-Mafin-Laurincova\u0301-1-1280x1918.jpg 1280w\" sizes=\"(max-width: 683px) 100vw, 683px\" \/><\/figure><\/li><\/ul>\n\n\n\n<p>Ancient Memories \u2013 je eklektick\u00e1 kolekcia ru\u010dne modelovan\u00fdch vysoko p\u00e1len\u00fdch kameninov\u00fdch v\u00e1z a n\u00e1dob. Kolekcia dopl\u0148uj\u00faca moju tvorbu posledn\u00fdch rokov &#8211; po\u010das ktor\u00fdch sa venujem ob\u013e\u00faben\u00fdm\u00a0t\u00e9mam, ktor\u00e9 pretransformov\u00e1vam a sp\u00e1jam jednou z\u00e1kladnou formou. Formou ktor\u00e1 je pojidlom mojej nieko\u013ekoro\u010dnej obsesie a s\u00fastredenia. Na poslednej samostatnej v\u00fdstave Od s\u00famraku do \u00fasvitu &#8211; ktor\u00e1 bola \u017eia\u013e vzh\u013eadom\u00a0na situ\u00e1ciu po\u010das cel\u00e9ho jej trvania nepr\u00edstupn\u00e1, som\u00a0predstavila v\u00fdrazn\u00e9 momenty spom\u00ednan\u00e9ho \u00fasilia. Kolekcia Ancient Memories s\u00fa ch\u00fdbaj\u00face \u010dl\u00e1nky ktor\u00e9 dopovedaj\u00fa\u00a0pr\u00edbeh, no nes\u013eubujem \u017ee uzatv\u00e1raj\u00fa m\u00f4j z\u00e1ujem o mystick\u00fd svet bo\u017estiev alebo remeseln\u00fa zru\u010dnos\u0165 a hypnotick\u00e9 nad\u010dasov\u00e9 magi\u010dno africk\u00e9ho kontinentu. Transform\u00e1cia je neoddelite\u013en\u00e1\u00a0interdisciplin\u00e1rna s\u00fa\u010das\u0165 bytia a tvorby.\u00a0V\u00a0pr\u00edrode s\u00fa to pre m\u0148a d\u00f4le\u017eit\u00e9 celo\u017eivotn\u00e9 kon\u0161tanty a\u00a0to \u0161tyri ro\u010dn\u00e9 obdobia, ktor\u00e9 s\u00fa sam\u00e9 o\u00a0sebe premenou a\u00a0ktor\u00e9 prech\u00e1dzaj\u00fa za posledn\u00e9 roky v\u00fdraznou negat\u00edvnou transform\u00e1ciou a\u00a0to vplyvom \u010dloveka. Pri keramickej tvorbe je cel\u00fd proces \u00fa\u017easn\u00e1 transform\u00e1cia surov\u00e9ho, nestabiln\u00e9ho, pr\u00edrodn\u00e9ho materi\u00e1lu do formy, do ktorej ho pretvor\u00edm ja a zadefinuje ju fin\u00e1lne ohe\u0148. Moje zodpovedn\u00e9 sna\u017eenie je aby cel\u00fd proces a\u00a0v\u00fdsledok tejto transform\u00e1cie nemal negat\u00edvny dopad na \u017eivotn\u00e9 prostredie. <\/p>\n\n\n\n<p>Projekt z verejn\u00fdch zdrojov podporil Fond na podporu umenia.<\/p>","protected":false},"excerpt":{"rendered":"<p>Ancient Memories \u2013 je eklektick\u00e1 kolekcia ru\u010dne modelovan\u00fdch vysoko p\u00e1len\u00fdch kameninov\u00fdch v\u00e1z a n\u00e1dob. Kolekcia dopl\u0148uj\u00faca moju tvorbu posledn\u00fdch rokov &#8211; po\u010das ktor\u00fdch sa venujem ob\u013e\u00faben\u00fdm\u00a0t\u00e9mam, ktor\u00e9 pretransformov\u00e1vam a sp\u00e1jam jednou z\u00e1kladnou formou. Formou ktor\u00e1 je pojidlom mojej nieko\u013ekoro\u010dnej obsesie a s\u00fastredenia. Na poslednej samostatnej v\u00fdstave Od s\u00famraku do \u00fasvitu &#8211; ktor\u00e1 bola \u017eia\u013e vzh\u013eadom\u00a0na [&hellip;]<\/p>","protected":false},"author":2,"featured_media":0,"comment_status":"closed","ping_status":"closed","sticky":false,"template":"","format":"standard","meta":{"footnotes":""},"categories":[786,848,833],"tags":[],"_links":{"self":[{"href":"https:\/\/www.bratislavadesignweek.sk\/en\/wp-json\/wp\/v2\/posts\/9564"}],"collection":[{"href":"https:\/\/www.bratislavadesignweek.sk\/en\/wp-json\/wp\/v2\/posts"}],"about":[{"href":"https:\/\/www.bratislavadesignweek.sk\/en\/wp-json\/wp\/v2\/types\/post"}],"author":[{"embeddable":true,"href":"https:\/\/www.bratislavadesignweek.sk\/en\/wp-json\/wp\/v2\/users\/2"}],"replies":[{"embeddable":true,"href":"https:\/\/www.bratislavadesignweek.sk\/en\/wp-json\/wp\/v2\/comments?post=9564"}],"version-history":[{"count":2,"href":"https:\/\/www.bratislavadesignweek.sk\/en\/wp-json\/wp\/v2\/posts\/9564\/revisions"}],"predecessor-version":[{"id":9692,"href":"https:\/\/www.bratislavadesignweek.sk\/en\/wp-json\/wp\/v2\/posts\/9564\/revisions\/9692"}],"wp:attachment":[{"href":"https:\/\/www.bratislavadesignweek.sk\/en\/wp-json\/wp\/v2\/media?parent=9564"}],"wp:term":[{"taxonomy":"category","embeddable":true,"href":"https:\/\/www.bratislavadesignweek.sk\/en\/wp-json\/wp\/v2\/categories?post=9564"},{"taxonomy":"post_tag","embeddable":true,"href":"https:\/\/www.bratislavadesignweek.sk\/en\/wp-json\/wp\/v2\/tags?post=9564"}],"curies":[{"name":"wp","href":"https:\/\/api.w.org\/{rel}","templated":true}]}}