{"id":9570,"date":"2020-11-05T15:30:13","date_gmt":"2020-11-05T14:30:13","guid":{"rendered":"http:\/\/www.bratislavadesignweek.sk\/?p=9570"},"modified":"2020-11-25T10:34:51","modified_gmt":"2020-11-25T09:34:51","slug":"sona-otiepkova","status":"publish","type":"post","link":"https:\/\/www.bratislavadesignweek.sk\/en\/sona-otiepkova\/","title":{"rendered":"So\u0148a Otiepkov\u00e1"},"content":{"rendered":"<ul class=\"wp-block-gallery columns-2 is-cropped wp-block-gallery-1 is-layout-flex wp-block-gallery-is-layout-flex\"><li class=\"blocks-gallery-item\"><figure><img decoding=\"async\" src=\"blob:http:\/\/www.bratislavadesignweek.sk\/1b74e9d6-49d7-47c5-af11-efc11c5dc84c\"\/><\/figure><\/li><li class=\"blocks-gallery-item\"><figure><img fetchpriority=\"high\" decoding=\"async\" width=\"1024\" height=\"964\" src=\"http:\/\/www.bratislavadesignweek.sk\/wp-content\/uploads\/2020\/11\/circle-terrazzo-1-1024x964.png\" alt=\"\" data-id=\"9572\" data-link=\"http:\/\/www.bratislavadesignweek.sk\/?attachment_id=9572\" class=\"wp-image-9572\" srcset=\"https:\/\/www.bratislavadesignweek.sk\/wp-content\/uploads\/2020\/11\/circle-terrazzo-1-1024x964.png 1024w, https:\/\/www.bratislavadesignweek.sk\/wp-content\/uploads\/2020\/11\/circle-terrazzo-1-300x282.png 300w, https:\/\/www.bratislavadesignweek.sk\/wp-content\/uploads\/2020\/11\/circle-terrazzo-1-768x723.png 768w, https:\/\/www.bratislavadesignweek.sk\/wp-content\/uploads\/2020\/11\/circle-terrazzo-1.png 1078w\" sizes=\"(max-width: 1024px) 100vw, 1024px\" \/><\/figure><\/li><\/ul>\n\n\n\n<p> Woven color LAB <\/p>\n\n\n\n<p>So\u0148a Otiepkov\u00e1 je spoluzakladate\u013ekou zna\u010dky s detsk\u00fdm n\u00e1bytkom villo.design. V s\u00fa\u010dastnosti\ntvori pod zna\u010dkou Medena_studio. V autorskom projekte Woven Color LAB sa venuje tvorbe\ndizajnu presahuj\u00faceho do remesla a tradi\u010dn\u00fdch techn\u00edk v modernom spracovan\u00ed v zmysle slow\ndesign.\n<\/p>\n\n\n\n<p>Ide o s\u00e9riu kobercov ru\u010dne tkan\u00fa na sto ro\u010dn\u00fdch krosn\u00e1ch, v ktor\u00fdch sk\u00fama mo\u017enosti tejto\ntechniky pre s\u00fa\u010dastn\u00fa dizajn\u00e9rsku tvorbu. Hlavn\u00fa \u00falohu v tomto procese zohr\u00e1vaj\u00fa farby a ich\nkombin\u00e1cie, gradienty, prechody a vzory prostredn\u00edctvom ktor\u00fdch autorka sk\u00fama aj jednotliv\u00e9\nvz\u0165ahy medzi nimi a ich vplyv na s\u00fa\u010dastn\u00e9 potreby dizajnu.\n<\/p>\n\n\n\n<p>Do popredia sa dost\u00e1vaj\u00fa r\u00f4zne formy experimentov s materi\u00e1lmi, farbami a technikami,\nd\u00f4le\u017eit\u00e1 je hravos\u0165 a nadh\u013ead. Z\u00e1rove\u0148 sa otv\u00e1ra ot\u00e1zku \u00falohy koberca ako bytov\u00e9ho doplnku,\nkde koberec sa st\u00e1va nosite\u013eom grafickej v\u00fdpovede, miestami m\u00f4\u017ee prebera\u0165 formu obrazu\nalebo plag\u00e1tu.\n<\/p>\n\n\n\n<p>Ka\u017ed\u00fd koberec je origin\u00e1l, preto\u017ee na ich vytvorenie s\u00fa tak, ako to bolo aj v minulosti, pou\u017eit\u00e9 zvy\u0161kov\u00e9 a odpadov\u00e9 textiln\u00e9 materi\u00e1ly. <\/p>\n\n\n\n<p>\n\n\t\n\t\t\n\t\twoven color LAB_BADW\n\t\n\t\n\t\t\n\t\t\t\n\t\t\t\t\n\t\t\t\t\t\n\t\t\t\t\t\t<\/p>\n\n\n\n<p>So\u0148a Otiepkov\u00e1 is co-founder of villo.design, a brand with kids design furniture. She is\ncurrently working also under the Medena_studio brand. In the Woven Color LAB project she\nfocuses on design work that extends towards crafts and traditional techniques, in the sense of\nslow design.\n<\/p>\n\n\n\n<p>It is a series of rugs woven by hand on a hundred-year-old loom, in which she explores the\npossibilities of this technique for contemporary design work. The main role in this process is\nplayed by colors and their combinations, gradients, transitions and patterns, through which\nthe author also examines the individual relationships between them and their impact on the\ncurrent needs of design.\n<\/p>\n\n\n\n<p>Various forms of experiments with materials, colors and techniques come to the fore, with the\nimportance of playfulness and foresight. At the same time, the question of the role of the rug\nas a home accessory arises, where the carpet becomes the bearer of a graphic statement, in\nsome places it can take the form of a picture or a poster.\n<\/p>\n\n\n\n<p>Each rug is an original piece, because, as in the past, leftover and waste textile materials are\nused to create them.\n<\/p>","protected":false},"excerpt":{"rendered":"<p>Woven color LAB So\u0148a Otiepkov\u00e1 je spoluzakladate\u013ekou zna\u010dky s detsk\u00fdm n\u00e1bytkom villo.design. V s\u00fa\u010dastnosti tvori pod zna\u010dkou Medena_studio. V autorskom projekte Woven Color LAB sa venuje tvorbe dizajnu presahuj\u00faceho do remesla a tradi\u010dn\u00fdch techn\u00edk v modernom spracovan\u00ed v zmysle slow design. Ide o s\u00e9riu kobercov ru\u010dne tkan\u00fa na sto ro\u010dn\u00fdch krosn\u00e1ch, v ktor\u00fdch sk\u00fama mo\u017enosti [&hellip;]<\/p>","protected":false},"author":2,"featured_media":0,"comment_status":"closed","ping_status":"closed","sticky":false,"template":"","format":"standard","meta":{"footnotes":""},"categories":[833,848],"tags":[],"_links":{"self":[{"href":"https:\/\/www.bratislavadesignweek.sk\/en\/wp-json\/wp\/v2\/posts\/9570"}],"collection":[{"href":"https:\/\/www.bratislavadesignweek.sk\/en\/wp-json\/wp\/v2\/posts"}],"about":[{"href":"https:\/\/www.bratislavadesignweek.sk\/en\/wp-json\/wp\/v2\/types\/post"}],"author":[{"embeddable":true,"href":"https:\/\/www.bratislavadesignweek.sk\/en\/wp-json\/wp\/v2\/users\/2"}],"replies":[{"embeddable":true,"href":"https:\/\/www.bratislavadesignweek.sk\/en\/wp-json\/wp\/v2\/comments?post=9570"}],"version-history":[{"count":2,"href":"https:\/\/www.bratislavadesignweek.sk\/en\/wp-json\/wp\/v2\/posts\/9570\/revisions"}],"predecessor-version":[{"id":9907,"href":"https:\/\/www.bratislavadesignweek.sk\/en\/wp-json\/wp\/v2\/posts\/9570\/revisions\/9907"}],"wp:attachment":[{"href":"https:\/\/www.bratislavadesignweek.sk\/en\/wp-json\/wp\/v2\/media?parent=9570"}],"wp:term":[{"taxonomy":"category","embeddable":true,"href":"https:\/\/www.bratislavadesignweek.sk\/en\/wp-json\/wp\/v2\/categories?post=9570"},{"taxonomy":"post_tag","embeddable":true,"href":"https:\/\/www.bratislavadesignweek.sk\/en\/wp-json\/wp\/v2\/tags?post=9570"}],"curies":[{"name":"wp","href":"https:\/\/api.w.org\/{rel}","templated":true}]}}