{"id":9575,"date":"2020-11-05T15:35:36","date_gmt":"2020-11-05T14:35:36","guid":{"rendered":"http:\/\/www.bratislavadesignweek.sk\/?p=9575"},"modified":"2020-11-05T15:35:39","modified_gmt":"2020-11-05T14:35:39","slug":"objectora","status":"publish","type":"post","link":"https:\/\/www.bratislavadesignweek.sk\/en\/objectora\/","title":{"rendered":"Objectora"},"content":{"rendered":"<ul class=\"wp-block-gallery columns-3 is-cropped wp-block-gallery-1 is-layout-flex wp-block-gallery-is-layout-flex\"><li class=\"blocks-gallery-item\"><figure><img decoding=\"async\" src=\"blob:http:\/\/www.bratislavadesignweek.sk\/c014e654-9490-4f16-8447-b6d8c1c7984c\"\/><\/figure><\/li><li class=\"blocks-gallery-item\"><figure><img decoding=\"async\" src=\"blob:http:\/\/www.bratislavadesignweek.sk\/3c34ecba-bed8-43a7-9e9c-0282dd9e6a85\"\/><\/figure><\/li><li class=\"blocks-gallery-item\"><figure><img fetchpriority=\"high\" decoding=\"async\" width=\"678\" height=\"1024\" src=\"http:\/\/www.bratislavadesignweek.sk\/wp-content\/uploads\/2020\/11\/Ko\u0301pia-su\u0301boru-DSC_0936-1-678x1024.jpg\" alt=\"\" data-id=\"9578\" data-link=\"http:\/\/www.bratislavadesignweek.sk\/?attachment_id=9578\" class=\"wp-image-9578\" srcset=\"https:\/\/www.bratislavadesignweek.sk\/wp-content\/uploads\/2020\/11\/Ko\u0301pia-su\u0301boru-DSC_0936-1-678x1024.jpg 678w, https:\/\/www.bratislavadesignweek.sk\/wp-content\/uploads\/2020\/11\/Ko\u0301pia-su\u0301boru-DSC_0936-1-199x300.jpg 199w, https:\/\/www.bratislavadesignweek.sk\/wp-content\/uploads\/2020\/11\/Ko\u0301pia-su\u0301boru-DSC_0936-1-768x1159.jpg 768w, https:\/\/www.bratislavadesignweek.sk\/wp-content\/uploads\/2020\/11\/Ko\u0301pia-su\u0301boru-DSC_0936-1-1280x1932.jpg 1280w\" sizes=\"(max-width: 678px) 100vw, 678px\" \/><\/figure><\/li><\/ul>\n\n\n\n<p><em>Atelier\nObjectora<\/em>\/Mya Javorkov\u00e1 prostredn\u00edctvom sk\u00famania tvarov, r\u00f4znych techn\u00edk a\nmateri\u00e1lov h\u013ead\u00e1 v\u00fdznam jednotliv\u00fdch objektov v \u013eudskom \u017eivote. Prim\u00e1rne\nsa v\u0161ak zameriava na drevo a jeho prep\u00e1janie s \u010fal\u0161\u00edmi materi\u00e1lmi. Na\nBratislava design weeku predstav\u00ed nieko\u013eko dreven\u00fdch \u00fa\u017eitkov\u00fdch objektov zo\ns\u00e9rie <em>Haptic, <\/em>ktor\u00e1 je zameran\u00e1 na\nzobrazenie \u013eudsk\u00e9ho dotyku ako zanechania stopy prostredn\u00edctvom organick\u00fdch\ntvarov, deform\u00e1ci\u00ed a \u0161trukt\u00far. S\u00e9ria vznikla v roku 2019, projekt v\u0161ak\nprech\u00e1dza kontinu\u00e1lnym v\u00fdvojom a objekty, ktor\u00e9 bud\u00fa predstaven\u00e9 na BADW 2020\ns\u00fa posledn\u00fdm \u0161t\u00e1diom kolekcie <em>Haptic<\/em>,\nktor\u00e9 ju z\u00e1rove\u0148 uzatv\u00e1raj\u00fa. <\/p>\n\n\n\n<p>Premena\n\u010di transform\u00e1cia s\u00fa pojmy \u00fazko sp\u00e4t\u00e9 s moj\u00edm procesom tvorby, zapracovan\u00e9 aj do\ns\u00e9rie <em>Haptic<\/em>. S\u00fa tostopy, ktor\u00e9 po sebe zanech\u00e1vame bez\ntoho aby sme si toho boli vedom\u00ed. Nevidite\u013en\u00e1 deform\u00e1cia okolia sp\u00f4soben\u00e1 na\u0161\u00edm\ndotykom, vynosen\u00e9 top\u00e1nky, opotrebovan\u00e9 predmety v na\u0161ej dom\u00e1cnosti, \u0161perk\nktor\u00fd sa ded\u00ed po gener\u00e1cie.<\/p>\n\n\n\n<p>Je\nto aj vznik materi\u00e1lu, rast, \u010das, proces, transform\u00e1cia materi\u00e1lu na predmet,\nde\u0161trukcia a postupn\u00fd z\u00e1nik. <\/p>\n\n\n\n<p><em>Atelier\nObjectora<\/em> \/ Mya Javorkov\u00e1 seeks the meaning of objects\nin human life by experimenting with shapes, various techniques and materials.\nHer work primarily focuses on wood and its connection with other materials. The\ndesign of wooden utility objects from the <em>Haptic\n<\/em>series that will be present at Bratislava design week are conceptually\nfocused on depicting human touch through organic shapes, deformations and\nstructures. The series was created in 2019, but the design of the collection is\ncontinuously developing and the objects that will be presented at BADW 2020 are\nthe last stage of the <em>Haptic <\/em>collection.<\/p>\n\n\n\n<p>Transformation or metamorphosis are concepts\nclosely connected with my creative process, and are also incorporated into the <em>Haptic <\/em>series. These are the traces we\nleave behind without us being aware of them. Invisible deformation of the surroundings\ncaused by our touch, worn out shoes, worn-out objects in our household or even\njewelry that has been pasted on for generations.<\/p>\n\n\n\n<p>It is also the origin of material, growth,\ntime, process, transformation of material into an object, destruction and gradual\nextinction.<\/p>","protected":false},"excerpt":{"rendered":"<p>Atelier Objectora\/Mya Javorkov\u00e1 prostredn\u00edctvom sk\u00famania tvarov, r\u00f4znych techn\u00edk a materi\u00e1lov h\u013ead\u00e1 v\u00fdznam jednotliv\u00fdch objektov v \u013eudskom \u017eivote. Prim\u00e1rne sa v\u0161ak zameriava na drevo a jeho prep\u00e1janie s \u010fal\u0161\u00edmi materi\u00e1lmi. Na Bratislava design weeku predstav\u00ed nieko\u013eko dreven\u00fdch \u00fa\u017eitkov\u00fdch objektov zo s\u00e9rie Haptic, ktor\u00e1 je zameran\u00e1 na zobrazenie \u013eudsk\u00e9ho dotyku ako zanechania stopy prostredn\u00edctvom organick\u00fdch tvarov, deform\u00e1ci\u00ed [&hellip;]<\/p>","protected":false},"author":2,"featured_media":0,"comment_status":"closed","ping_status":"closed","sticky":false,"template":"","format":"standard","meta":{"footnotes":""},"categories":[786,833,848],"tags":[],"_links":{"self":[{"href":"https:\/\/www.bratislavadesignweek.sk\/en\/wp-json\/wp\/v2\/posts\/9575"}],"collection":[{"href":"https:\/\/www.bratislavadesignweek.sk\/en\/wp-json\/wp\/v2\/posts"}],"about":[{"href":"https:\/\/www.bratislavadesignweek.sk\/en\/wp-json\/wp\/v2\/types\/post"}],"author":[{"embeddable":true,"href":"https:\/\/www.bratislavadesignweek.sk\/en\/wp-json\/wp\/v2\/users\/2"}],"replies":[{"embeddable":true,"href":"https:\/\/www.bratislavadesignweek.sk\/en\/wp-json\/wp\/v2\/comments?post=9575"}],"version-history":[{"count":1,"href":"https:\/\/www.bratislavadesignweek.sk\/en\/wp-json\/wp\/v2\/posts\/9575\/revisions"}],"predecessor-version":[{"id":9580,"href":"https:\/\/www.bratislavadesignweek.sk\/en\/wp-json\/wp\/v2\/posts\/9575\/revisions\/9580"}],"wp:attachment":[{"href":"https:\/\/www.bratislavadesignweek.sk\/en\/wp-json\/wp\/v2\/media?parent=9575"}],"wp:term":[{"taxonomy":"category","embeddable":true,"href":"https:\/\/www.bratislavadesignweek.sk\/en\/wp-json\/wp\/v2\/categories?post=9575"},{"taxonomy":"post_tag","embeddable":true,"href":"https:\/\/www.bratislavadesignweek.sk\/en\/wp-json\/wp\/v2\/tags?post=9575"}],"curies":[{"name":"wp","href":"https:\/\/api.w.org\/{rel}","templated":true}]}}