{"id":9591,"date":"2020-11-05T16:13:22","date_gmt":"2020-11-05T15:13:22","guid":{"rendered":"http:\/\/www.bratislavadesignweek.sk\/?p=9591"},"modified":"2020-11-20T08:32:34","modified_gmt":"2020-11-20T07:32:34","slug":"linda-horska","status":"publish","type":"post","link":"https:\/\/www.bratislavadesignweek.sk\/en\/linda-horska\/","title":{"rendered":"Linda Horsk\u00e1 \/ Moss Floral Studio, Lazaretsk\u00e1 4"},"content":{"rendered":"<ul class=\"wp-block-gallery columns-2 is-cropped wp-block-gallery-1 is-layout-flex wp-block-gallery-is-layout-flex\"><li class=\"blocks-gallery-item\"><figure><img fetchpriority=\"high\" decoding=\"async\" width=\"1024\" height=\"683\" src=\"http:\/\/www.bratislavadesignweek.sk\/wp-content\/uploads\/2020\/11\/DSCF0185-1-1024x683.jpg\" alt=\"\" data-id=\"9592\" data-link=\"http:\/\/www.bratislavadesignweek.sk\/?attachment_id=9592\" class=\"wp-image-9592\" srcset=\"https:\/\/www.bratislavadesignweek.sk\/wp-content\/uploads\/2020\/11\/DSCF0185-1-1024x683.jpg 1024w, https:\/\/www.bratislavadesignweek.sk\/wp-content\/uploads\/2020\/11\/DSCF0185-1-300x200.jpg 300w, https:\/\/www.bratislavadesignweek.sk\/wp-content\/uploads\/2020\/11\/DSCF0185-1-768x512.jpg 768w, https:\/\/www.bratislavadesignweek.sk\/wp-content\/uploads\/2020\/11\/DSCF0185-1-1280x853.jpg 1280w\" sizes=\"(max-width: 1024px) 100vw, 1024px\" \/><\/figure><\/li><li class=\"blocks-gallery-item\"><figure><img decoding=\"async\" width=\"683\" height=\"1024\" src=\"http:\/\/www.bratislavadesignweek.sk\/wp-content\/uploads\/2020\/11\/DSCF0136-1-683x1024.jpg\" alt=\"\" data-id=\"9594\" data-link=\"http:\/\/www.bratislavadesignweek.sk\/?attachment_id=9594\" class=\"wp-image-9594\" srcset=\"https:\/\/www.bratislavadesignweek.sk\/wp-content\/uploads\/2020\/11\/DSCF0136-1-683x1024.jpg 683w, https:\/\/www.bratislavadesignweek.sk\/wp-content\/uploads\/2020\/11\/DSCF0136-1-200x300.jpg 200w, https:\/\/www.bratislavadesignweek.sk\/wp-content\/uploads\/2020\/11\/DSCF0136-1-768x1152.jpg 768w, https:\/\/www.bratislavadesignweek.sk\/wp-content\/uploads\/2020\/11\/DSCF0136-1-1280x1920.jpg 1280w\" sizes=\"(max-width: 683px) 100vw, 683px\" \/><\/figure><\/li><\/ul>\n\n\n\n<p>In my work I often work with the concept of transformation.  For me, to transform means to destroy and re-create, to deform and shape at the same time.<\/p>\n\n\n\n<p>The moss collection works with concepts such as texture, detail, chance, asymmetry, exceptionality, uniqueness. Gold dust as a waste from the goldsmith's work is transformed into an element that creates a microcosm of forms and textures. \"<\/p>\n\n\n\n<p>The installation of the collection will be carried out in collaboration with the MOSS studio and can be found at 4 Lazaretsk\u00e1 Street.<br><\/p>\n\n\n\n<p>\"The moss collection works with concepts such as texture, detail,\ncoincidence, asymmetry, exceptionality, uniqueness. Gold dust, as a residue\nfrom jewellery making, turns here into element that creates a micro world\nof forms and textures.\"&nbsp;&nbsp;&nbsp;&nbsp;<strong>K<\/strong><\/p>\n\n\n\n<p><\/p>","protected":false},"excerpt":{"rendered":"<p>Vo svojej tvorbe \u010dasto pracujem s konceptom premeny, transform\u00e1cie.&nbsp;&nbsp;Premeni\u0165 pre m\u0148a znamen\u00e1 zni\u010di\u0165 a znovu vytvori\u0165, zdeformova\u0165 a formova\u0165 s\u00fa\u010dasne. Kolekcia moss pracuje s pojmami ako text\u00fara, detail, n\u00e1hoda, asymetria,\u00a0v\u00fdnimo\u010dnos\u0165, neopakovate\u013enos\u0165.\u00a0Zlat\u00fd prach ako odpad pri pr\u00e1ci zlatn\u00edka sa v nej men\u00ed na element, ktor\u00fd vytv\u00e1ra mikrosvet foriem a text\u00far.\u00a0&#8222; In\u0161tal\u00e1ciu kolekcie bude realizovan\u00e1 v spolupr\u00e1ci [&hellip;]<\/p>","protected":false},"author":2,"featured_media":0,"comment_status":"closed","ping_status":"closed","sticky":false,"template":"","format":"standard","meta":{"footnotes":""},"categories":[786,848,833],"tags":[],"_links":{"self":[{"href":"https:\/\/www.bratislavadesignweek.sk\/en\/wp-json\/wp\/v2\/posts\/9591"}],"collection":[{"href":"https:\/\/www.bratislavadesignweek.sk\/en\/wp-json\/wp\/v2\/posts"}],"about":[{"href":"https:\/\/www.bratislavadesignweek.sk\/en\/wp-json\/wp\/v2\/types\/post"}],"author":[{"embeddable":true,"href":"https:\/\/www.bratislavadesignweek.sk\/en\/wp-json\/wp\/v2\/users\/2"}],"replies":[{"embeddable":true,"href":"https:\/\/www.bratislavadesignweek.sk\/en\/wp-json\/wp\/v2\/comments?post=9591"}],"version-history":[{"count":3,"href":"https:\/\/www.bratislavadesignweek.sk\/en\/wp-json\/wp\/v2\/posts\/9591\/revisions"}],"predecessor-version":[{"id":9806,"href":"https:\/\/www.bratislavadesignweek.sk\/en\/wp-json\/wp\/v2\/posts\/9591\/revisions\/9806"}],"wp:attachment":[{"href":"https:\/\/www.bratislavadesignweek.sk\/en\/wp-json\/wp\/v2\/media?parent=9591"}],"wp:term":[{"taxonomy":"category","embeddable":true,"href":"https:\/\/www.bratislavadesignweek.sk\/en\/wp-json\/wp\/v2\/categories?post=9591"},{"taxonomy":"post_tag","embeddable":true,"href":"https:\/\/www.bratislavadesignweek.sk\/en\/wp-json\/wp\/v2\/tags?post=9591"}],"curies":[{"name":"wp","href":"https:\/\/api.w.org\/{rel}","templated":true}]}}