{"id":9633,"date":"2020-11-10T14:16:24","date_gmt":"2020-11-10T13:16:24","guid":{"rendered":"http:\/\/www.bratislavadesignweek.sk\/?p=9633"},"modified":"2020-11-10T18:39:36","modified_gmt":"2020-11-10T17:39:36","slug":"beata-gerbocova-3","status":"publish","type":"post","link":"https:\/\/www.bratislavadesignweek.sk\/en\/beata-gerbocova-3\/","title":{"rendered":"Beata Gerbocov\u00e1"},"content":{"rendered":"<ul class=\"wp-block-gallery columns-1 is-cropped wp-block-gallery-1 is-layout-flex wp-block-gallery-is-layout-flex\"><li class=\"blocks-gallery-item\"><figure><img fetchpriority=\"high\" decoding=\"async\" width=\"1024\" height=\"683\" src=\"http:\/\/www.bratislavadesignweek.sk\/wp-content\/uploads\/2020\/11\/IMG_9013-1-1024x683.jpg\" alt=\"\" data-id=\"9634\" data-link=\"http:\/\/www.bratislavadesignweek.sk\/?attachment_id=9634\" class=\"wp-image-9634\" srcset=\"https:\/\/www.bratislavadesignweek.sk\/wp-content\/uploads\/2020\/11\/IMG_9013-1-1024x683.jpg 1024w, https:\/\/www.bratislavadesignweek.sk\/wp-content\/uploads\/2020\/11\/IMG_9013-1-300x200.jpg 300w, https:\/\/www.bratislavadesignweek.sk\/wp-content\/uploads\/2020\/11\/IMG_9013-1-768x512.jpg 768w, https:\/\/www.bratislavadesignweek.sk\/wp-content\/uploads\/2020\/11\/IMG_9013-1-1280x853.jpg 1280w\" sizes=\"(max-width: 1024px) 100vw, 1024px\" \/><\/figure><\/li><\/ul>\n\n\n\n<p>S&nbsp;\u010d\u00edm sp\u00e1jate pojem transform\u00e1cia?<\/p>\n\n\n\n<pre class=\"wp-block-preformatted\">Koncept siedmich tkan\u00fdch dez\u00e9nov Nostalgia obsahovo vych\u00e1dzala z atmosf\u00e9ry jesennej pr\u00edrody. Pojem transform\u00e1cia v mojom projekte nie je iba o cyklicky sa opakuj\u00facej premene s\u00favisiacej s kolobehom pr\u00edrody, ale aj o materi\u00e1lovej premene. Pr\u00e1ca s vl\u00e1knami skracuj\u00facimi svoju d\u013a\u017eku p\u00f4soben\u00edm tepla men\u00ed text\u00edliu z dvojrozmern\u00e9ho objemu na trojrozmern\u00fd. Doch\u00e1dza k priamemu fyzick\u00e9mu formovaniu textiln\u00e9ho reli\u00e9fu.\u00a0 Transform\u00e1cia je v tomto pr\u00edpade re\u00e1lnym procesom, ktor\u00fd sa udeje priamo pod rukami autora. Foto: Dominik Janovsk\u00fd<\/pre>\n\n\n\n<pre class=\"wp-block-preformatted\">&nbsp;What do you associate the term transformation with?<\/pre>\n\n\n\n<p>The concept of the seven woven Nostalgia patterns was based on the atmosphere of autumn nature. The concept of transformation in my project is not only about a cyclically recurring transformation related to the cycle of nature, but also about material transformation. Working with fibers that shorten their length by heat changes the fabric from a two-dimensional volume to a three-dimensional one. There is a direct physical formation of the textile relief. Transformation in this case is a real process that takes place directly under the hands of the author. <\/p>\n\n\n\n<p>@beatagerbocova<\/p>","protected":false},"excerpt":{"rendered":"<p>S&nbsp;\u010d\u00edm sp\u00e1jate pojem transform\u00e1cia? Koncept siedmich tkan\u00fdch dez\u00e9nov Nostalgia obsahovo vych\u00e1dzala z atmosf\u00e9ry jesennej pr\u00edrody. Pojem transform\u00e1cia v mojom projekte nie je iba o cyklicky sa opakuj\u00facej premene s\u00favisiacej s kolobehom pr\u00edrody, ale aj o materi\u00e1lovej premene. Pr\u00e1ca s vl\u00e1knami skracuj\u00facimi svoju d\u013a\u017eku p\u00f4soben\u00edm tepla men\u00ed text\u00edliu z dvojrozmern\u00e9ho objemu na trojrozmern\u00fd. Doch\u00e1dza k priamemu [&hellip;]<\/p>","protected":false},"author":2,"featured_media":0,"comment_status":"closed","ping_status":"closed","sticky":false,"template":"","format":"standard","meta":{"footnotes":""},"categories":[786,833,848],"tags":[],"_links":{"self":[{"href":"https:\/\/www.bratislavadesignweek.sk\/en\/wp-json\/wp\/v2\/posts\/9633"}],"collection":[{"href":"https:\/\/www.bratislavadesignweek.sk\/en\/wp-json\/wp\/v2\/posts"}],"about":[{"href":"https:\/\/www.bratislavadesignweek.sk\/en\/wp-json\/wp\/v2\/types\/post"}],"author":[{"embeddable":true,"href":"https:\/\/www.bratislavadesignweek.sk\/en\/wp-json\/wp\/v2\/users\/2"}],"replies":[{"embeddable":true,"href":"https:\/\/www.bratislavadesignweek.sk\/en\/wp-json\/wp\/v2\/comments?post=9633"}],"version-history":[{"count":3,"href":"https:\/\/www.bratislavadesignweek.sk\/en\/wp-json\/wp\/v2\/posts\/9633\/revisions"}],"predecessor-version":[{"id":9675,"href":"https:\/\/www.bratislavadesignweek.sk\/en\/wp-json\/wp\/v2\/posts\/9633\/revisions\/9675"}],"wp:attachment":[{"href":"https:\/\/www.bratislavadesignweek.sk\/en\/wp-json\/wp\/v2\/media?parent=9633"}],"wp:term":[{"taxonomy":"category","embeddable":true,"href":"https:\/\/www.bratislavadesignweek.sk\/en\/wp-json\/wp\/v2\/categories?post=9633"},{"taxonomy":"post_tag","embeddable":true,"href":"https:\/\/www.bratislavadesignweek.sk\/en\/wp-json\/wp\/v2\/tags?post=9633"}],"curies":[{"name":"wp","href":"https:\/\/api.w.org\/{rel}","templated":true}]}}