{"id":9649,"date":"2020-11-10T14:38:05","date_gmt":"2020-11-10T13:38:05","guid":{"rendered":"http:\/\/www.bratislavadesignweek.sk\/?p=9649"},"modified":"2020-11-10T14:38:07","modified_gmt":"2020-11-10T13:38:07","slug":"milan-pekar-cz","status":"publish","type":"post","link":"https:\/\/www.bratislavadesignweek.sk\/en\/milan-pekar-cz\/","title":{"rendered":"Milan Peka\u0159 (CZ)"},"content":{"rendered":"<ul class=\"wp-block-gallery columns-2 is-cropped wp-block-gallery-1 is-layout-flex wp-block-gallery-is-layout-flex\"><li class=\"blocks-gallery-item\"><figure><img fetchpriority=\"high\" decoding=\"async\" width=\"600\" height=\"600\" src=\"http:\/\/www.bratislavadesignweek.sk\/wp-content\/uploads\/2020\/11\/124170913_3705348219503832_7729624915369516529_n.jpg\" alt=\"\" data-id=\"9650\" data-link=\"http:\/\/www.bratislavadesignweek.sk\/?attachment_id=9650\" class=\"wp-image-9650\" srcset=\"https:\/\/www.bratislavadesignweek.sk\/wp-content\/uploads\/2020\/11\/124170913_3705348219503832_7729624915369516529_n.jpg 600w, https:\/\/www.bratislavadesignweek.sk\/wp-content\/uploads\/2020\/11\/124170913_3705348219503832_7729624915369516529_n-150x150.jpg 150w, https:\/\/www.bratislavadesignweek.sk\/wp-content\/uploads\/2020\/11\/124170913_3705348219503832_7729624915369516529_n-300x300.jpg 300w\" sizes=\"(max-width: 600px) 100vw, 600px\" \/><\/figure><\/li><li class=\"blocks-gallery-item\"><figure><img decoding=\"async\" width=\"547\" height=\"801\" src=\"http:\/\/www.bratislavadesignweek.sk\/wp-content\/uploads\/2020\/11\/IMGP8068.jpg\" alt=\"\" data-id=\"9651\" data-link=\"http:\/\/www.bratislavadesignweek.sk\/?attachment_id=9651\" class=\"wp-image-9651\" srcset=\"https:\/\/www.bratislavadesignweek.sk\/wp-content\/uploads\/2020\/11\/IMGP8068.jpg 547w, https:\/\/www.bratislavadesignweek.sk\/wp-content\/uploads\/2020\/11\/IMGP8068-205x300.jpg 205w\" sizes=\"(max-width: 547px) 100vw, 547px\" \/><\/figure><\/li><\/ul>\n\n\n\n<p>\u0160t\u00fadio \u010desk\u00e9ho keramick\u00e9ho dizajn\u00e9ra Milana Peka\u0159a, ktor\u00e9 bolo zalo\u017een\u00e9 v roku 2012, sa \u0161pecializuje na dizajn a v\u00fdrobu porcel\u00e1nu. Zna\u010dka so s\u00eddlom v Prahe je zn\u00e1ma t\u00fdm, \u017ee vytv\u00e1ra jedine\u010dn\u00fa kry\u0161talick\u00fa glaz\u00faru, ktor\u00e1 je v\u00fdsledkom Peka\u0159ov\u00fdch experimentov s r\u00f4znymi teplotami, oxidmi a aplika\u010dn\u00fdmi technikami.  Uvid\u00edte v Apponyiho pal\u00e1ci. <\/p>\n\n\n\n<p>https:\/\/www.milanpekar.com\/about\/<br><\/p>","protected":false},"excerpt":{"rendered":"<p>\u0160t\u00fadio \u010desk\u00e9ho keramick\u00e9ho dizajn\u00e9ra Milana Peka\u0159a, ktor\u00e9 bolo zalo\u017een\u00e9 v roku 2012, sa \u0161pecializuje na dizajn a v\u00fdrobu porcel\u00e1nu. Zna\u010dka so s\u00eddlom v Prahe je zn\u00e1ma t\u00fdm, \u017ee vytv\u00e1ra jedine\u010dn\u00fa kry\u0161talick\u00fa glaz\u00faru, ktor\u00e1 je v\u00fdsledkom Peka\u0159ov\u00fdch experimentov s r\u00f4znymi teplotami, oxidmi a aplika\u010dn\u00fdmi technikami. Uvid\u00edte v Apponyiho pal\u00e1ci. https:\/\/www.milanpekar.com\/about\/<\/p>","protected":false},"author":2,"featured_media":0,"comment_status":"closed","ping_status":"closed","sticky":false,"template":"","format":"standard","meta":{"footnotes":""},"categories":[839,846,834],"tags":[],"_links":{"self":[{"href":"https:\/\/www.bratislavadesignweek.sk\/en\/wp-json\/wp\/v2\/posts\/9649"}],"collection":[{"href":"https:\/\/www.bratislavadesignweek.sk\/en\/wp-json\/wp\/v2\/posts"}],"about":[{"href":"https:\/\/www.bratislavadesignweek.sk\/en\/wp-json\/wp\/v2\/types\/post"}],"author":[{"embeddable":true,"href":"https:\/\/www.bratislavadesignweek.sk\/en\/wp-json\/wp\/v2\/users\/2"}],"replies":[{"embeddable":true,"href":"https:\/\/www.bratislavadesignweek.sk\/en\/wp-json\/wp\/v2\/comments?post=9649"}],"version-history":[{"count":1,"href":"https:\/\/www.bratislavadesignweek.sk\/en\/wp-json\/wp\/v2\/posts\/9649\/revisions"}],"predecessor-version":[{"id":9653,"href":"https:\/\/www.bratislavadesignweek.sk\/en\/wp-json\/wp\/v2\/posts\/9649\/revisions\/9653"}],"wp:attachment":[{"href":"https:\/\/www.bratislavadesignweek.sk\/en\/wp-json\/wp\/v2\/media?parent=9649"}],"wp:term":[{"taxonomy":"category","embeddable":true,"href":"https:\/\/www.bratislavadesignweek.sk\/en\/wp-json\/wp\/v2\/categories?post=9649"},{"taxonomy":"post_tag","embeddable":true,"href":"https:\/\/www.bratislavadesignweek.sk\/en\/wp-json\/wp\/v2\/tags?post=9649"}],"curies":[{"name":"wp","href":"https:\/\/api.w.org\/{rel}","templated":true}]}}