{"id":9654,"date":"2020-11-10T14:44:04","date_gmt":"2020-11-10T13:44:04","guid":{"rendered":"http:\/\/www.bratislavadesignweek.sk\/?p=9654"},"modified":"2020-11-10T14:44:07","modified_gmt":"2020-11-10T13:44:07","slug":"crafting-plastic","status":"publish","type":"post","link":"https:\/\/www.bratislavadesignweek.sk\/en\/crafting-plastic\/","title":{"rendered":"Crafting Plastic!"},"content":{"rendered":"<ul class=\"wp-block-gallery columns-3 is-cropped wp-block-gallery-1 is-layout-flex wp-block-gallery-is-layout-flex\"><li class=\"blocks-gallery-item\"><figure><img fetchpriority=\"high\" decoding=\"async\" width=\"600\" height=\"600\" src=\"http:\/\/www.bratislavadesignweek.sk\/wp-content\/uploads\/2020\/11\/124262886_3709822592389728_8313293088207767016_n.jpg\" alt=\"\" data-id=\"9655\" data-link=\"http:\/\/www.bratislavadesignweek.sk\/?attachment_id=9655\" class=\"wp-image-9655\" srcset=\"https:\/\/www.bratislavadesignweek.sk\/wp-content\/uploads\/2020\/11\/124262886_3709822592389728_8313293088207767016_n.jpg 600w, https:\/\/www.bratislavadesignweek.sk\/wp-content\/uploads\/2020\/11\/124262886_3709822592389728_8313293088207767016_n-150x150.jpg 150w, https:\/\/www.bratislavadesignweek.sk\/wp-content\/uploads\/2020\/11\/124262886_3709822592389728_8313293088207767016_n-300x300.jpg 300w\" sizes=\"(max-width: 600px) 100vw, 600px\" \/><\/figure><\/li><li class=\"blocks-gallery-item\"><figure><img decoding=\"async\" width=\"600\" height=\"600\" src=\"http:\/\/www.bratislavadesignweek.sk\/wp-content\/uploads\/2020\/11\/124180557_3709822465723074_3483803168656026651_n.jpg\" alt=\"\" data-id=\"9656\" data-link=\"http:\/\/www.bratislavadesignweek.sk\/?attachment_id=9656\" class=\"wp-image-9656\" srcset=\"https:\/\/www.bratislavadesignweek.sk\/wp-content\/uploads\/2020\/11\/124180557_3709822465723074_3483803168656026651_n.jpg 600w, https:\/\/www.bratislavadesignweek.sk\/wp-content\/uploads\/2020\/11\/124180557_3709822465723074_3483803168656026651_n-150x150.jpg 150w, https:\/\/www.bratislavadesignweek.sk\/wp-content\/uploads\/2020\/11\/124180557_3709822465723074_3483803168656026651_n-300x300.jpg 300w\" sizes=\"(max-width: 600px) 100vw, 600px\" \/><\/figure><\/li><li class=\"blocks-gallery-item\"><figure><img decoding=\"async\" width=\"1024\" height=\"682\" src=\"http:\/\/www.bratislavadesignweek.sk\/wp-content\/uploads\/2020\/11\/crafting_plastics_ph.lupispuma_02_0-1024x682.jpg\" alt=\"\" data-id=\"9657\" data-link=\"http:\/\/www.bratislavadesignweek.sk\/?attachment_id=9657\" class=\"wp-image-9657\" srcset=\"https:\/\/www.bratislavadesignweek.sk\/wp-content\/uploads\/2020\/11\/crafting_plastics_ph.lupispuma_02_0-1024x682.jpg 1024w, https:\/\/www.bratislavadesignweek.sk\/wp-content\/uploads\/2020\/11\/crafting_plastics_ph.lupispuma_02_0-300x200.jpg 300w, https:\/\/www.bratislavadesignweek.sk\/wp-content\/uploads\/2020\/11\/crafting_plastics_ph.lupispuma_02_0-768x511.jpg 768w, https:\/\/www.bratislavadesignweek.sk\/wp-content\/uploads\/2020\/11\/crafting_plastics_ph.lupispuma_02_0.jpg 1200w\" sizes=\"(max-width: 1024px) 100vw, 1024px\" \/><\/figure><\/li><\/ul>\n\n\n\n<p>Crafting plastics! \u0161t\u00fadio zalo\u017eili v roku 2016 dizajn\u00e9ri Vlasta Kubu\u0161ov\u00e1 a Miroslav Kr\u00e1l. S\u00eddlia medzi Berl\u00ednom a Bratislavou. Na <a href=\"https:\/\/www.facebook.com\/hashtag\/badw2020pandemicedition?__eep__=6&amp;__cft__[0]=AZUDfgrReiSgj_1S4D9K9Ssz97viRFinN33nWOO3wc7QIP8HwzYfeKayIPf8aD2VIBbclih4XE_oPBwI0-AwSk-qRA6n4Y7DvsohUeZ2B4_Ft52wWQKhtE12rHiRE0yW31BP_QJCCg-_8-zda4xNbEob&amp;__tn__=*NK-R\">#BADW2020PandemicEdition<\/a> premi\u00e9rovo odprezentuj\u00fa nov\u00fa kolekciu n\u00e1bytku z biodegradovate\u013en\u00e9ho NUATANu. Uvid\u00edte v Apponyiho pal\u00e1ci.<\/p>\n\n\n\n<p>In crafting plastics! studio we are trying to introduce sustainable products where the team is actively involved in all value-added stages. We emphasize low-key and high-end. By combining craft + technology, fast + slow production methods, we discover the mostly unknown field of bioplastics derived from plants. These, together with compatible technologies, are being explored and possible applications tested.<\/p>\n\n\n\n<p>crafting plastics! studio was founded in 2016 by product designer Vlasta Kubu\u0161ov\u00e1 and production designer Miroslav Kr\u00e1l. The studio is based between Berlin and Bratislava.<br>https:\/\/www.craftingplastics.com\/about<br><\/p>","protected":false},"excerpt":{"rendered":"<p>Crafting plastics! \u0161t\u00fadio zalo\u017eili v roku 2016 dizajn\u00e9ri Vlasta Kubu\u0161ov\u00e1 a Miroslav Kr\u00e1l. S\u00eddlia medzi Berl\u00ednom a Bratislavou. Na #BADW2020PandemicEdition premi\u00e9rovo odprezentuj\u00fa nov\u00fa kolekciu n\u00e1bytku z biodegradovate\u013en\u00e9ho NUATANu. Uvid\u00edte v Apponyiho pal\u00e1ci. In crafting plastics! studio we are trying to introduce sustainable products where the team is actively involved in all value-added stages. We emphasize [&hellip;]<\/p>","protected":false},"author":2,"featured_media":0,"comment_status":"closed","ping_status":"closed","sticky":false,"template":"","format":"standard","meta":{"footnotes":""},"categories":[839,846,834],"tags":[],"_links":{"self":[{"href":"https:\/\/www.bratislavadesignweek.sk\/en\/wp-json\/wp\/v2\/posts\/9654"}],"collection":[{"href":"https:\/\/www.bratislavadesignweek.sk\/en\/wp-json\/wp\/v2\/posts"}],"about":[{"href":"https:\/\/www.bratislavadesignweek.sk\/en\/wp-json\/wp\/v2\/types\/post"}],"author":[{"embeddable":true,"href":"https:\/\/www.bratislavadesignweek.sk\/en\/wp-json\/wp\/v2\/users\/2"}],"replies":[{"embeddable":true,"href":"https:\/\/www.bratislavadesignweek.sk\/en\/wp-json\/wp\/v2\/comments?post=9654"}],"version-history":[{"count":1,"href":"https:\/\/www.bratislavadesignweek.sk\/en\/wp-json\/wp\/v2\/posts\/9654\/revisions"}],"predecessor-version":[{"id":9659,"href":"https:\/\/www.bratislavadesignweek.sk\/en\/wp-json\/wp\/v2\/posts\/9654\/revisions\/9659"}],"wp:attachment":[{"href":"https:\/\/www.bratislavadesignweek.sk\/en\/wp-json\/wp\/v2\/media?parent=9654"}],"wp:term":[{"taxonomy":"category","embeddable":true,"href":"https:\/\/www.bratislavadesignweek.sk\/en\/wp-json\/wp\/v2\/categories?post=9654"},{"taxonomy":"post_tag","embeddable":true,"href":"https:\/\/www.bratislavadesignweek.sk\/en\/wp-json\/wp\/v2\/tags?post=9654"}],"curies":[{"name":"wp","href":"https:\/\/api.w.org\/{rel}","templated":true}]}}