{"id":9664,"date":"2020-11-10T15:04:32","date_gmt":"2020-11-10T14:04:32","guid":{"rendered":"http:\/\/www.bratislavadesignweek.sk\/?p=9664"},"modified":"2020-11-28T10:29:09","modified_gmt":"2020-11-28T09:29:09","slug":"lukas-prochazka","status":"publish","type":"post","link":"https:\/\/www.bratislavadesignweek.sk\/en\/lukas-prochazka\/","title":{"rendered":"Lukas Prochazka, Du\u0161an Chmeliar"},"content":{"rendered":"<ul class=\"wp-block-gallery columns-2 is-cropped wp-block-gallery-1 is-layout-flex wp-block-gallery-is-layout-flex\">\r\n<li class=\"blocks-gallery-item\"><img fetchpriority=\"high\" decoding=\"async\" class=\"aligncenter size-full wp-image-9940\" src=\"http:\/\/www.bratislavadesignweek.sk\/wp-content\/uploads\/2020\/11\/Stromcek-Spotrebny-9-1.jpg\" alt=\"\" width=\"1024\" height=\"1536\" srcset=\"https:\/\/www.bratislavadesignweek.sk\/wp-content\/uploads\/2020\/11\/Stromcek-Spotrebny-9-1.jpg 1024w, https:\/\/www.bratislavadesignweek.sk\/wp-content\/uploads\/2020\/11\/Stromcek-Spotrebny-9-1-200x300.jpg 200w, https:\/\/www.bratislavadesignweek.sk\/wp-content\/uploads\/2020\/11\/Stromcek-Spotrebny-9-1-768x1152.jpg 768w, https:\/\/www.bratislavadesignweek.sk\/wp-content\/uploads\/2020\/11\/Stromcek-Spotrebny-9-1-683x1024.jpg 683w\" sizes=\"(max-width: 1024px) 100vw, 1024px\" \/>\r\n<figure><\/figure>\r\n<\/li>\r\n<li class=\"blocks-gallery-item\">\u00a0<\/li>\r\n<li class=\"blocks-gallery-item\">\r\n<figure><img decoding=\"async\" width=\"1024\" height=\"683\" class=\"wp-image-9666\" src=\"http:\/\/www.bratislavadesignweek.sk\/wp-content\/uploads\/2020\/11\/Stromcek-Spotrebny-Pohladnice-1-1024x683.jpg\" alt=\"\" data-id=\"9666\" data-link=\"http:\/\/www.bratislavadesignweek.sk\/?attachment_id=9666\" srcset=\"https:\/\/www.bratislavadesignweek.sk\/wp-content\/uploads\/2020\/11\/Stromcek-Spotrebny-Pohladnice-1-1024x683.jpg 1024w, https:\/\/www.bratislavadesignweek.sk\/wp-content\/uploads\/2020\/11\/Stromcek-Spotrebny-Pohladnice-1-300x200.jpg 300w, https:\/\/www.bratislavadesignweek.sk\/wp-content\/uploads\/2020\/11\/Stromcek-Spotrebny-Pohladnice-1-768x512.jpg 768w, https:\/\/www.bratislavadesignweek.sk\/wp-content\/uploads\/2020\/11\/Stromcek-Spotrebny-Pohladnice-1-1280x853.jpg 1280w\" sizes=\"(max-width: 1024px) 100vw, 1024px\" \/><\/figure>\r\n<\/li>\r\n<\/ul>\r\n\r\n\r\n\r\n<p>The book The Consumer Tree traces a phenomenon appearing every year in the streets of the city. By the garbage bins after the New Year, used up Christmas trees are seen as consumer goods in this context.<\/p>\r\n\r\n\r\n\r\n<p>&nbsp;<\/p>\r\n\r\n\r\n\r\n<p>Book traces annual phenomena in city streets. After every New Year's Eve unwanted Christmas trees are starting accumulating near dumpsters. Plain trees are in this particular context perceived not as a Christmas symbol anymore but more like disposable goods.\u00a0<\/p>","protected":false},"excerpt":{"rendered":"<p>Kniha Strom\u010dek spotrebn\u00fd sleduje fenom\u00e9n objavuj\u00faci sa ka\u017edoro\u010dne v uliciach mesta. Pri smetiakoch sa po novom roku pou\u017eit\u00e9 spotrebovan\u00e9 viano\u010dn\u00e9 strom\u010deky, ktor\u00e9 s\u00fa v tomto kontexte ch\u00e1pan\u00e9 ako spotrebn\u00fd tovar. &nbsp; Book traces annual phenomena in city streets. After every New Year\u2019s Eve unwanted Christmas trees are starting accumulating near dumpsters. Plain trees are in [&hellip;]<\/p>","protected":false},"author":2,"featured_media":0,"comment_status":"closed","ping_status":"closed","sticky":false,"template":"","format":"standard","meta":{"footnotes":""},"categories":[786,833,848],"tags":[],"_links":{"self":[{"href":"https:\/\/www.bratislavadesignweek.sk\/en\/wp-json\/wp\/v2\/posts\/9664"}],"collection":[{"href":"https:\/\/www.bratislavadesignweek.sk\/en\/wp-json\/wp\/v2\/posts"}],"about":[{"href":"https:\/\/www.bratislavadesignweek.sk\/en\/wp-json\/wp\/v2\/types\/post"}],"author":[{"embeddable":true,"href":"https:\/\/www.bratislavadesignweek.sk\/en\/wp-json\/wp\/v2\/users\/2"}],"replies":[{"embeddable":true,"href":"https:\/\/www.bratislavadesignweek.sk\/en\/wp-json\/wp\/v2\/comments?post=9664"}],"version-history":[{"count":4,"href":"https:\/\/www.bratislavadesignweek.sk\/en\/wp-json\/wp\/v2\/posts\/9664\/revisions"}],"predecessor-version":[{"id":9941,"href":"https:\/\/www.bratislavadesignweek.sk\/en\/wp-json\/wp\/v2\/posts\/9664\/revisions\/9941"}],"wp:attachment":[{"href":"https:\/\/www.bratislavadesignweek.sk\/en\/wp-json\/wp\/v2\/media?parent=9664"}],"wp:term":[{"taxonomy":"category","embeddable":true,"href":"https:\/\/www.bratislavadesignweek.sk\/en\/wp-json\/wp\/v2\/categories?post=9664"},{"taxonomy":"post_tag","embeddable":true,"href":"https:\/\/www.bratislavadesignweek.sk\/en\/wp-json\/wp\/v2\/tags?post=9664"}],"curies":[{"name":"wp","href":"https:\/\/api.w.org\/{rel}","templated":true}]}}