{"id":9669,"date":"2020-11-10T18:23:33","date_gmt":"2020-11-10T17:23:33","guid":{"rendered":"http:\/\/www.bratislavadesignweek.sk\/?p=9669"},"modified":"2020-11-10T18:23:37","modified_gmt":"2020-11-10T17:23:37","slug":"katarina-bajkayova","status":"publish","type":"post","link":"https:\/\/www.bratislavadesignweek.sk\/en\/katarina-bajkayova\/","title":{"rendered":"Katar\u00edna Bajkayov\u00e1"},"content":{"rendered":"<ul class=\"wp-block-gallery columns-2 is-cropped wp-block-gallery-1 is-layout-flex wp-block-gallery-is-layout-flex\"><li class=\"blocks-gallery-item\"><figure><img fetchpriority=\"high\" decoding=\"async\" width=\"1024\" height=\"683\" src=\"http:\/\/www.bratislavadesignweek.sk\/wp-content\/uploads\/2020\/11\/unnamed-2-1024x683.jpg\" alt=\"\" data-id=\"9670\" data-link=\"http:\/\/www.bratislavadesignweek.sk\/?attachment_id=9670\" class=\"wp-image-9670\" srcset=\"https:\/\/www.bratislavadesignweek.sk\/wp-content\/uploads\/2020\/11\/unnamed-2-1024x683.jpg 1024w, https:\/\/www.bratislavadesignweek.sk\/wp-content\/uploads\/2020\/11\/unnamed-2-300x200.jpg 300w, https:\/\/www.bratislavadesignweek.sk\/wp-content\/uploads\/2020\/11\/unnamed-2-768x512.jpg 768w, https:\/\/www.bratislavadesignweek.sk\/wp-content\/uploads\/2020\/11\/unnamed-2-1280x853.jpg 1280w\" sizes=\"(max-width: 1024px) 100vw, 1024px\" \/><\/figure><\/li><li class=\"blocks-gallery-item\"><figure><img decoding=\"async\" width=\"1024\" height=\"684\" src=\"http:\/\/www.bratislavadesignweek.sk\/wp-content\/uploads\/2020\/11\/unnamed-1-1024x684.jpg\" alt=\"\" data-id=\"9672\" data-link=\"http:\/\/www.bratislavadesignweek.sk\/?attachment_id=9672\" class=\"wp-image-9672\" srcset=\"https:\/\/www.bratislavadesignweek.sk\/wp-content\/uploads\/2020\/11\/unnamed-1-1024x684.jpg 1024w, https:\/\/www.bratislavadesignweek.sk\/wp-content\/uploads\/2020\/11\/unnamed-1-300x200.jpg 300w, https:\/\/www.bratislavadesignweek.sk\/wp-content\/uploads\/2020\/11\/unnamed-1-768x513.jpg 768w, https:\/\/www.bratislavadesignweek.sk\/wp-content\/uploads\/2020\/11\/unnamed-1-1280x854.jpg 1280w, https:\/\/www.bratislavadesignweek.sk\/wp-content\/uploads\/2020\/11\/unnamed-1.jpg 1504w\" sizes=\"(max-width: 1024px) 100vw, 1024px\" \/><\/figure><\/li><\/ul>\n\n\n\n<p>In 2019 I finished my Master's degree in the 3D Free Creativity Studio at the Faculty of Arts in Ko\u0161ice. I am currently working on spatial installations. I use ceramics in combination with other materials. I am interested in the themes of intimacy, dwelling and temporality, which I place in the context of various scientific and artistic disciplines, especially to speleology, balneology, architecture and literature. However, my work is continuously influenced by many things, from music to everyday objects, which gradually transform into an installation, object or drawing. In addition to my free visual art, I am a ceramic artist working in applied ceramics. I have participated in several collective exhibitions in Slovakia and the Czech Republic. <\/p>\n\n\n\n<p>The works can be seen in the Apponyi Palace<\/p>","protected":false},"excerpt":{"rendered":"<p>V roku 2019 som ukon\u010dila magistersk\u00e9 \u0161t\u00fadium v ateli\u00e9ri slobodnej kreativity 3D na fakulte umen\u00ed v Ko\u0161iciach. Aktu\u00e1lne sa venujem tvorbe priestorov\u00fdch in\u0161tal\u00e1ci\u00ed. Vyu\u017e\u00edvam keramiku v kombin\u00e1cii s in\u00fdmi materi\u00e1lmi. Zauj\u00edma ma t\u00e9ma intimity, b\u00fdvania a \u010dasovosti, ktor\u00e9 kladiem do kontextu r\u00f4znych vedn\u00fdch a umeleck\u00fdch odborov, a to najm\u00e4 k speleol\u00f3gii, balneol\u00f3gii, architekt\u00fary a literat\u00fary. [&hellip;]<\/p>","protected":false},"author":2,"featured_media":0,"comment_status":"closed","ping_status":"closed","sticky":false,"template":"","format":"standard","meta":{"footnotes":""},"categories":[786,833,848],"tags":[],"_links":{"self":[{"href":"https:\/\/www.bratislavadesignweek.sk\/en\/wp-json\/wp\/v2\/posts\/9669"}],"collection":[{"href":"https:\/\/www.bratislavadesignweek.sk\/en\/wp-json\/wp\/v2\/posts"}],"about":[{"href":"https:\/\/www.bratislavadesignweek.sk\/en\/wp-json\/wp\/v2\/types\/post"}],"author":[{"embeddable":true,"href":"https:\/\/www.bratislavadesignweek.sk\/en\/wp-json\/wp\/v2\/users\/2"}],"replies":[{"embeddable":true,"href":"https:\/\/www.bratislavadesignweek.sk\/en\/wp-json\/wp\/v2\/comments?post=9669"}],"version-history":[{"count":1,"href":"https:\/\/www.bratislavadesignweek.sk\/en\/wp-json\/wp\/v2\/posts\/9669\/revisions"}],"predecessor-version":[{"id":9674,"href":"https:\/\/www.bratislavadesignweek.sk\/en\/wp-json\/wp\/v2\/posts\/9669\/revisions\/9674"}],"wp:attachment":[{"href":"https:\/\/www.bratislavadesignweek.sk\/en\/wp-json\/wp\/v2\/media?parent=9669"}],"wp:term":[{"taxonomy":"category","embeddable":true,"href":"https:\/\/www.bratislavadesignweek.sk\/en\/wp-json\/wp\/v2\/categories?post=9669"},{"taxonomy":"post_tag","embeddable":true,"href":"https:\/\/www.bratislavadesignweek.sk\/en\/wp-json\/wp\/v2\/tags?post=9669"}],"curies":[{"name":"wp","href":"https:\/\/api.w.org\/{rel}","templated":true}]}}