{"id":9677,"date":"2020-11-11T15:21:19","date_gmt":"2020-11-11T14:21:19","guid":{"rendered":"http:\/\/www.bratislavadesignweek.sk\/?p=9677"},"modified":"2020-11-11T15:22:00","modified_gmt":"2020-11-11T14:22:00","slug":"flowers-for-slovakia-unseen","status":"publish","type":"post","link":"https:\/\/www.bratislavadesignweek.sk\/en\/flowers-for-slovakia-unseen\/","title":{"rendered":"Flowers for Slovakia UNSEEN"},"content":{"rendered":"<ul class=\"wp-block-gallery columns-2 is-cropped wp-block-gallery-1 is-layout-flex wp-block-gallery-is-layout-flex\"><li class=\"blocks-gallery-item\"><figure><img fetchpriority=\"high\" decoding=\"async\" width=\"1024\" height=\"683\" src=\"http:\/\/www.bratislavadesignweek.sk\/wp-content\/uploads\/2020\/11\/DSC_6703-1024x683.jpg\" alt=\"\" data-id=\"9678\" data-link=\"http:\/\/www.bratislavadesignweek.sk\/?attachment_id=9678\" class=\"wp-image-9678\" srcset=\"https:\/\/www.bratislavadesignweek.sk\/wp-content\/uploads\/2020\/11\/DSC_6703-1024x683.jpg 1024w, https:\/\/www.bratislavadesignweek.sk\/wp-content\/uploads\/2020\/11\/DSC_6703-300x200.jpg 300w, https:\/\/www.bratislavadesignweek.sk\/wp-content\/uploads\/2020\/11\/DSC_6703-768x512.jpg 768w, https:\/\/www.bratislavadesignweek.sk\/wp-content\/uploads\/2020\/11\/DSC_6703.jpg 1200w\" sizes=\"(max-width: 1024px) 100vw, 1024px\" \/><\/figure><\/li><li class=\"blocks-gallery-item\"><figure><img decoding=\"async\" width=\"620\" height=\"1024\" src=\"http:\/\/www.bratislavadesignweek.sk\/wp-content\/uploads\/2020\/11\/DSC_6705-620x1024.jpg\" alt=\"\" data-id=\"9679\" data-link=\"http:\/\/www.bratislavadesignweek.sk\/?attachment_id=9679\" class=\"wp-image-9679\" srcset=\"https:\/\/www.bratislavadesignweek.sk\/wp-content\/uploads\/2020\/11\/DSC_6705-620x1024.jpg 620w, https:\/\/www.bratislavadesignweek.sk\/wp-content\/uploads\/2020\/11\/DSC_6705-182x300.jpg 182w, https:\/\/www.bratislavadesignweek.sk\/wp-content\/uploads\/2020\/11\/DSC_6705.jpg 726w\" sizes=\"(max-width: 620px) 100vw, 620px\" \/><\/figure><\/li><\/ul>\n\n\n\n<p>Platforma Flowers for Slovakia predstav\u00ed uk\u00e1\u017eku\nzo 4. putovn\u00e9ho v\u00fdstavn\u00e9ho projektu, ktor\u00fd mal p\u00f4vodne by\u0165 v&nbsp;apr\u00edli 2020\npredstaven\u00fd na (kv\u00f4li pand\u00e9mii zru\u0161enom) festivale Milan Design Week. &nbsp;\u0160tvrt\u00e1 kolekcia ob\u010dianskeho zdru\u017eenia Flowers\nfor Slovakia, ktor\u00e1 vznikla e\u0161te po\u010das workshopu v&nbsp;novembri 2019, je\nkur\u00e1torsk\u00fdm projektom Vandy G\u00e1bri\u0161ovej a&nbsp;Michaly Lipkovej a bude prv\u00fd raz\npredstaven\u00e1 v&nbsp;roku 2021.<\/p>\n\n\n\n<p>T\u00e9mou novej kolekcie je in\u0161pir\u00e1cia hist\u00f3riou\na&nbsp;kult\u00farou slovenskej gastron\u00f3mie, pr\u00edbehom stolovania a&nbsp;s\u00favisiacimi\nzvykmi. In\u0161tal\u00e1cia \u010diasto\u010dne odhal\u00ed tri z&nbsp;desiatich objektov na hranici\numenia a&nbsp;dizajnu, vypovedaj\u00face osobn\u00e9 pr\u00edbehy autorov: Zaca Banika &#8211;\nameri\u010dana so slovensk\u00fdmi kore\u0148mi a&nbsp;sloveniek Zuzany Pergerovej\na&nbsp;Lucie Suchej. <\/p>\n\n\n\n<p>Dlhodob\u00fdm z\u00e1merom projektu Flowers for\nSlovakia, ktor\u00e9ho automi s\u00fa Peter Olah a&nbsp;Lars Kemper, je prezentova\u0165\nslovensk\u00fa kult\u00faru a zvyky v zahrani\u010d\u00ed s\u00fa\u010dasn\u00fdm jazykom, prostredn\u00edctvom atrakt\u00edvnych\nobjektov s pr\u00edbehom. <\/p>\n\n\n\n<p>Projekt finan\u010dne podporil Fond na podporu\numenia.<\/p>\n\n\n\n<p><a href=\"http:\/\/www.flowersforslovakia.com\">www.flowersforslovakia.com<\/a>\n<\/p>\n\n\n\n<p>ANGLICK\u00dd TEXT<\/p>\n\n\n\n<p>Flowers for Slovakia will present a sample\nfrom the 4th traveling exhibition project, which was supposed to be presented\nin April 2020 at the Milan Design Week festival (canceled due to the pandemic).\nThe fourth collection is a curatorial project by Vanda G\u00e1bri\u0161ov\u00e1 and Michal\nLipkov\u00e1 and it will be presented for the first time in 2021.<\/p>\n\n\n\n<p>The theme of the new collection is inspired by\nthe history and culture of Slovak food, dining and related customs. The\ninstallation will partially reveal three of the ten objects, telling personal\nstories of the authors: Zac Banik, Zuzana Pergerov\u00e1 and Lucia Such\u00e1.<\/p>\n\n\n\n<p>The long-term aim of the Flowers for Slovakia\nproject, originally founded by Peter Olah and Lars Kemper, is to present Slovak\nculture and customs abroad though the contemporary language of design, through\nattractive objects with a story.<\/p>\n\n\n\n<p>The project is financially supported by Slovak\nArts Council.<\/p>\n\n\n\n<p><a href=\"http:\/\/www.flowersforslovakia.com\">www.flowersforslovakia.com<\/a>\n<\/p>","protected":false},"excerpt":{"rendered":"<p>Platforma Flowers for Slovakia predstav\u00ed uk\u00e1\u017eku zo 4. putovn\u00e9ho v\u00fdstavn\u00e9ho projektu, ktor\u00fd mal p\u00f4vodne by\u0165 v&nbsp;apr\u00edli 2020 predstaven\u00fd na (kv\u00f4li pand\u00e9mii zru\u0161enom) festivale Milan Design Week. &nbsp;\u0160tvrt\u00e1 kolekcia ob\u010dianskeho zdru\u017eenia Flowers for Slovakia, ktor\u00e1 vznikla e\u0161te po\u010das workshopu v&nbsp;novembri 2019, je kur\u00e1torsk\u00fdm projektom Vandy G\u00e1bri\u0161ovej a&nbsp;Michaly Lipkovej a bude prv\u00fd raz predstaven\u00e1 v&nbsp;roku 2021. T\u00e9mou [&hellip;]<\/p>","protected":false},"author":2,"featured_media":0,"comment_status":"closed","ping_status":"closed","sticky":false,"template":"","format":"standard","meta":{"footnotes":""},"categories":[786,833,848],"tags":[],"_links":{"self":[{"href":"https:\/\/www.bratislavadesignweek.sk\/en\/wp-json\/wp\/v2\/posts\/9677"}],"collection":[{"href":"https:\/\/www.bratislavadesignweek.sk\/en\/wp-json\/wp\/v2\/posts"}],"about":[{"href":"https:\/\/www.bratislavadesignweek.sk\/en\/wp-json\/wp\/v2\/types\/post"}],"author":[{"embeddable":true,"href":"https:\/\/www.bratislavadesignweek.sk\/en\/wp-json\/wp\/v2\/users\/2"}],"replies":[{"embeddable":true,"href":"https:\/\/www.bratislavadesignweek.sk\/en\/wp-json\/wp\/v2\/comments?post=9677"}],"version-history":[{"count":1,"href":"https:\/\/www.bratislavadesignweek.sk\/en\/wp-json\/wp\/v2\/posts\/9677\/revisions"}],"predecessor-version":[{"id":9681,"href":"https:\/\/www.bratislavadesignweek.sk\/en\/wp-json\/wp\/v2\/posts\/9677\/revisions\/9681"}],"wp:attachment":[{"href":"https:\/\/www.bratislavadesignweek.sk\/en\/wp-json\/wp\/v2\/media?parent=9677"}],"wp:term":[{"taxonomy":"category","embeddable":true,"href":"https:\/\/www.bratislavadesignweek.sk\/en\/wp-json\/wp\/v2\/categories?post=9677"},{"taxonomy":"post_tag","embeddable":true,"href":"https:\/\/www.bratislavadesignweek.sk\/en\/wp-json\/wp\/v2\/tags?post=9677"}],"curies":[{"name":"wp","href":"https:\/\/api.w.org\/{rel}","templated":true}]}}