{"id":9712,"date":"2020-11-16T10:24:30","date_gmt":"2020-11-16T09:24:30","guid":{"rendered":"http:\/\/www.bratislavadesignweek.sk\/?p=9712"},"modified":"2020-11-16T10:38:13","modified_gmt":"2020-11-16T09:38:13","slug":"tereza-rosalie-kladosova-cz","status":"publish","type":"post","link":"https:\/\/www.bratislavadesignweek.sk\/en\/tereza-rosalie-kladosova-cz\/","title":{"rendered":"Tereza Rosalie Klado\u0161ov\u00e1 (CZ)"},"content":{"rendered":"<ul class=\"wp-block-gallery columns-3 is-cropped wp-block-gallery-1 is-layout-flex wp-block-gallery-is-layout-flex\"><li class=\"blocks-gallery-item\"><figure><img fetchpriority=\"high\" decoding=\"async\" width=\"1024\" height=\"1024\" src=\"http:\/\/www.bratislavadesignweek.sk\/wp-content\/uploads\/2020\/11\/instagramTereza-1024x1024.jpg\" alt=\"\" data-id=\"9713\" data-link=\"http:\/\/www.bratislavadesignweek.sk\/?attachment_id=9713\" class=\"wp-image-9713\" srcset=\"https:\/\/www.bratislavadesignweek.sk\/wp-content\/uploads\/2020\/11\/instagramTereza-1024x1024.jpg 1024w, https:\/\/www.bratislavadesignweek.sk\/wp-content\/uploads\/2020\/11\/instagramTereza-150x150.jpg 150w, https:\/\/www.bratislavadesignweek.sk\/wp-content\/uploads\/2020\/11\/instagramTereza-300x300.jpg 300w, https:\/\/www.bratislavadesignweek.sk\/wp-content\/uploads\/2020\/11\/instagramTereza-768x768.jpg 768w, https:\/\/www.bratislavadesignweek.sk\/wp-content\/uploads\/2020\/11\/instagramTereza-1280x1280.jpg 1280w\" sizes=\"(max-width: 1024px) 100vw, 1024px\" \/><\/figure><\/li><li class=\"blocks-gallery-item\"><figure><img decoding=\"async\" width=\"194\" height=\"259\" src=\"http:\/\/www.bratislavadesignweek.sk\/wp-content\/uploads\/2020\/11\/images-2.jpg\" alt=\"\" data-id=\"9715\" data-link=\"http:\/\/www.bratislavadesignweek.sk\/?attachment_id=9715\" class=\"wp-image-9715\"\/><\/figure><\/li><li class=\"blocks-gallery-item\"><figure><img decoding=\"async\" width=\"201\" height=\"251\" src=\"http:\/\/www.bratislavadesignweek.sk\/wp-content\/uploads\/2020\/11\/download-2.jpg\" alt=\"\" data-id=\"9719\" data-link=\"http:\/\/www.bratislavadesignweek.sk\/tereza-rosalie-kladosova-cz\/download-2\/\" class=\"wp-image-9719\"\/><\/figure><\/li><\/ul>\n\n\n\n<p>\u010cesk\u00e1 m\u00f3dna n\u00e1vrh\u00e1rka a umelky\u0148a, ktor\u00e1 vo svojich n\u00e1vrhoch pracuje s fascin\u00e1ciou farbami, kombin\u00e1ciou vzorov, l\u00e1skou k dom\u00e1cim remesl\u00e1m a origin\u00e1lnym zmyslom pre humor. Tereza vyr\u00e1ba svoj vlastn\u00fd udr\u017eate\u013en\u00fd materi\u00e1l zo zvy\u0161kov merino vlny a vytv\u00e1ra v\u0161etky v\u00fdtla\u010dky a vzory v svojom \u0161t\u00fadiu. <\/p>\n\n\n\n<p>terezarosaliekladosova.cz<br>&#8211;<\/p>","protected":false},"excerpt":{"rendered":"<p>\u010cesk\u00e1 m\u00f3dna n\u00e1vrh\u00e1rka a umelky\u0148a, ktor\u00e1 vo svojich n\u00e1vrhoch pracuje s fascin\u00e1ciou farbami, kombin\u00e1ciou vzorov, l\u00e1skou k dom\u00e1cim remesl\u00e1m a origin\u00e1lnym zmyslom pre humor. Tereza vyr\u00e1ba svoj vlastn\u00fd udr\u017eate\u013en\u00fd materi\u00e1l zo zvy\u0161kov merino vlny a vytv\u00e1ra v\u0161etky v\u00fdtla\u010dky a vzory v svojom \u0161t\u00fadiu. terezarosaliekladosova.cz&#8211;<\/p>","protected":false},"author":2,"featured_media":0,"comment_status":"closed","ping_status":"closed","sticky":false,"template":"","format":"standard","meta":{"footnotes":""},"categories":[839,846,834],"tags":[],"_links":{"self":[{"href":"https:\/\/www.bratislavadesignweek.sk\/en\/wp-json\/wp\/v2\/posts\/9712"}],"collection":[{"href":"https:\/\/www.bratislavadesignweek.sk\/en\/wp-json\/wp\/v2\/posts"}],"about":[{"href":"https:\/\/www.bratislavadesignweek.sk\/en\/wp-json\/wp\/v2\/types\/post"}],"author":[{"embeddable":true,"href":"https:\/\/www.bratislavadesignweek.sk\/en\/wp-json\/wp\/v2\/users\/2"}],"replies":[{"embeddable":true,"href":"https:\/\/www.bratislavadesignweek.sk\/en\/wp-json\/wp\/v2\/comments?post=9712"}],"version-history":[{"count":2,"href":"https:\/\/www.bratislavadesignweek.sk\/en\/wp-json\/wp\/v2\/posts\/9712\/revisions"}],"predecessor-version":[{"id":9720,"href":"https:\/\/www.bratislavadesignweek.sk\/en\/wp-json\/wp\/v2\/posts\/9712\/revisions\/9720"}],"wp:attachment":[{"href":"https:\/\/www.bratislavadesignweek.sk\/en\/wp-json\/wp\/v2\/media?parent=9712"}],"wp:term":[{"taxonomy":"category","embeddable":true,"href":"https:\/\/www.bratislavadesignweek.sk\/en\/wp-json\/wp\/v2\/categories?post=9712"},{"taxonomy":"post_tag","embeddable":true,"href":"https:\/\/www.bratislavadesignweek.sk\/en\/wp-json\/wp\/v2\/tags?post=9712"}],"curies":[{"name":"wp","href":"https:\/\/api.w.org\/{rel}","templated":true}]}}