{"id":9721,"date":"2020-11-16T10:55:46","date_gmt":"2020-11-16T09:55:46","guid":{"rendered":"http:\/\/www.bratislavadesignweek.sk\/?p=9721"},"modified":"2020-11-16T10:57:16","modified_gmt":"2020-11-16T09:57:16","slug":"jakub-straka-5","status":"publish","type":"post","link":"https:\/\/www.bratislavadesignweek.sk\/en\/jakub-straka-5\/","title":{"rendered":"Jakub Straka"},"content":{"rendered":"<ul class=\"wp-block-gallery columns-2 is-cropped wp-block-gallery-1 is-layout-flex wp-block-gallery-is-layout-flex\"><li class=\"blocks-gallery-item\"><figure><img fetchpriority=\"high\" decoding=\"async\" width=\"683\" height=\"1024\" src=\"http:\/\/www.bratislavadesignweek.sk\/wp-content\/uploads\/2020\/11\/Foto-Jakub-Gulya\u0301s-2-683x1024.jpg\" alt=\"\" data-id=\"9722\" data-link=\"http:\/\/www.bratislavadesignweek.sk\/?attachment_id=9722\" class=\"wp-image-9722\" srcset=\"https:\/\/www.bratislavadesignweek.sk\/wp-content\/uploads\/2020\/11\/Foto-Jakub-Gulya\u0301s-2-683x1024.jpg 683w, https:\/\/www.bratislavadesignweek.sk\/wp-content\/uploads\/2020\/11\/Foto-Jakub-Gulya\u0301s-2-200x300.jpg 200w, https:\/\/www.bratislavadesignweek.sk\/wp-content\/uploads\/2020\/11\/Foto-Jakub-Gulya\u0301s-2-768x1152.jpg 768w, https:\/\/www.bratislavadesignweek.sk\/wp-content\/uploads\/2020\/11\/Foto-Jakub-Gulya\u0301s-2-1280x1920.jpg 1280w\" sizes=\"(max-width: 683px) 100vw, 683px\" \/><\/figure><\/li><li class=\"blocks-gallery-item\"><figure><img decoding=\"async\" width=\"683\" height=\"1024\" src=\"http:\/\/www.bratislavadesignweek.sk\/wp-content\/uploads\/2020\/11\/Foto-Jakub-Gulya\u0301s-4-1-683x1024.jpg\" alt=\"\" data-id=\"9726\" data-link=\"http:\/\/www.bratislavadesignweek.sk\/?attachment_id=9726\" class=\"wp-image-9726\" srcset=\"https:\/\/www.bratislavadesignweek.sk\/wp-content\/uploads\/2020\/11\/Foto-Jakub-Gulya\u0301s-4-1-683x1024.jpg 683w, https:\/\/www.bratislavadesignweek.sk\/wp-content\/uploads\/2020\/11\/Foto-Jakub-Gulya\u0301s-4-1-200x300.jpg 200w, https:\/\/www.bratislavadesignweek.sk\/wp-content\/uploads\/2020\/11\/Foto-Jakub-Gulya\u0301s-4-1-768x1152.jpg 768w, https:\/\/www.bratislavadesignweek.sk\/wp-content\/uploads\/2020\/11\/Foto-Jakub-Gulya\u0301s-4-1-1280x1920.jpg 1280w\" sizes=\"(max-width: 683px) 100vw, 683px\" \/><\/figure><\/li><\/ul>\n\n\n\n<p>Jakub Straka, absolvent Ateli\u00e9ru odevn\u00e9ho dizajnu na V\u0160VU (2018) sa venuje hlavne ru\u010dn\u00e9mu pleteniu. Jeho tvorba je poctou remeslu, lok\u00e1lnej remeslenej trad\u00edcii a \u013eudov\u00e9mu odevu. Straka ich ale pos\u00fava \u010falej a jeho \u0161trikovan\u00e9 odevy s\u00fa v\u00fdrazne tvarovan\u00e9, extravagantn\u00e9, ale z\u00e1rove\u0148 nosite\u013en\u00e9.   Foto: Jakub Guly\u00e1\u0161<\/p>\n\n\n\n<p>is handmade knitwear artist with strong emphasis on a craftmanship and saying homage to slovak folk costume<br><\/p>","protected":false},"excerpt":{"rendered":"<p>Jakub Straka, absolvent Ateli\u00e9ru odevn\u00e9ho dizajnu na V\u0160VU (2018) sa venuje hlavne ru\u010dn\u00e9mu pleteniu. Jeho tvorba je poctou remeslu, lok\u00e1lnej remeslenej trad\u00edcii a \u013eudov\u00e9mu odevu. Straka ich ale pos\u00fava \u010falej a jeho \u0161trikovan\u00e9 odevy s\u00fa v\u00fdrazne tvarovan\u00e9, extravagantn\u00e9, ale z\u00e1rove\u0148 nosite\u013en\u00e9. Foto: Jakub Guly\u00e1\u0161 is handmade knitwear artist with strong emphasis on a craftmanship and [&hellip;]<\/p>","protected":false},"author":2,"featured_media":0,"comment_status":"closed","ping_status":"closed","sticky":false,"template":"","format":"standard","meta":{"footnotes":""},"categories":[846,839,834,786],"tags":[],"_links":{"self":[{"href":"https:\/\/www.bratislavadesignweek.sk\/en\/wp-json\/wp\/v2\/posts\/9721"}],"collection":[{"href":"https:\/\/www.bratislavadesignweek.sk\/en\/wp-json\/wp\/v2\/posts"}],"about":[{"href":"https:\/\/www.bratislavadesignweek.sk\/en\/wp-json\/wp\/v2\/types\/post"}],"author":[{"embeddable":true,"href":"https:\/\/www.bratislavadesignweek.sk\/en\/wp-json\/wp\/v2\/users\/2"}],"replies":[{"embeddable":true,"href":"https:\/\/www.bratislavadesignweek.sk\/en\/wp-json\/wp\/v2\/comments?post=9721"}],"version-history":[{"count":1,"href":"https:\/\/www.bratislavadesignweek.sk\/en\/wp-json\/wp\/v2\/posts\/9721\/revisions"}],"predecessor-version":[{"id":9727,"href":"https:\/\/www.bratislavadesignweek.sk\/en\/wp-json\/wp\/v2\/posts\/9721\/revisions\/9727"}],"wp:attachment":[{"href":"https:\/\/www.bratislavadesignweek.sk\/en\/wp-json\/wp\/v2\/media?parent=9721"}],"wp:term":[{"taxonomy":"category","embeddable":true,"href":"https:\/\/www.bratislavadesignweek.sk\/en\/wp-json\/wp\/v2\/categories?post=9721"},{"taxonomy":"post_tag","embeddable":true,"href":"https:\/\/www.bratislavadesignweek.sk\/en\/wp-json\/wp\/v2\/tags?post=9721"}],"curies":[{"name":"wp","href":"https:\/\/api.w.org\/{rel}","templated":true}]}}