{"id":9737,"date":"2020-11-16T20:02:22","date_gmt":"2020-11-16T19:02:22","guid":{"rendered":"http:\/\/www.bratislavadesignweek.sk\/?p=9737"},"modified":"2020-11-16T20:06:44","modified_gmt":"2020-11-16T19:06:44","slug":"krystina-spanihelova","status":"publish","type":"post","link":"https:\/\/www.bratislavadesignweek.sk\/en\/krystina-spanihelova\/","title":{"rendered":"Krist\u00fdna \u0160panihelov\u00e1"},"content":{"rendered":"<ul class=\"wp-block-gallery columns-2 is-cropped wp-block-gallery-1 is-layout-flex wp-block-gallery-is-layout-flex\"><li class=\"blocks-gallery-item\"><figure><img fetchpriority=\"high\" decoding=\"async\" width=\"683\" height=\"1024\" src=\"http:\/\/www.bratislavadesignweek.sk\/wp-content\/uploads\/2020\/11\/xuloncity09-683x1024.jpg\" alt=\"\" data-id=\"9740\" data-link=\"http:\/\/www.bratislavadesignweek.sk\/?attachment_id=9740\" class=\"wp-image-9740\" srcset=\"https:\/\/www.bratislavadesignweek.sk\/wp-content\/uploads\/2020\/11\/xuloncity09-683x1024.jpg 683w, https:\/\/www.bratislavadesignweek.sk\/wp-content\/uploads\/2020\/11\/xuloncity09-200x300.jpg 200w, https:\/\/www.bratislavadesignweek.sk\/wp-content\/uploads\/2020\/11\/xuloncity09-768x1152.jpg 768w, https:\/\/www.bratislavadesignweek.sk\/wp-content\/uploads\/2020\/11\/xuloncity09-1280x1920.jpg 1280w\" sizes=\"(max-width: 683px) 100vw, 683px\" \/><\/figure><\/li><li class=\"blocks-gallery-item\"><figure><img decoding=\"async\" width=\"683\" height=\"1024\" src=\"http:\/\/www.bratislavadesignweek.sk\/wp-content\/uploads\/2020\/11\/xuloncity04-1-683x1024.jpg\" alt=\"\" data-id=\"9745\" data-link=\"http:\/\/www.bratislavadesignweek.sk\/krystina-spanihelova\/xuloncity04-2\/\" class=\"wp-image-9745\" srcset=\"https:\/\/www.bratislavadesignweek.sk\/wp-content\/uploads\/2020\/11\/xuloncity04-1-683x1024.jpg 683w, https:\/\/www.bratislavadesignweek.sk\/wp-content\/uploads\/2020\/11\/xuloncity04-1-200x300.jpg 200w, https:\/\/www.bratislavadesignweek.sk\/wp-content\/uploads\/2020\/11\/xuloncity04-1-768x1152.jpg 768w, https:\/\/www.bratislavadesignweek.sk\/wp-content\/uploads\/2020\/11\/xuloncity04-1-1280x1919.jpg 1280w\" sizes=\"(max-width: 683px) 100vw, 683px\" \/><\/figure><\/li><\/ul>\n\n\n\n<p><strong>X\u00daLONCITY<\/strong><\/p>\n\n\n\n<p>2019 - 2020, polylactic acid (PLA) with 40% wood sawdust, wood, stainless steel,<\/p>\n\n\n\n<p>rings, brooches<\/p>\n\n\n\n<p style=\"text-align:left\">In the X\u00daLONCITY collection, I present work inspired by the cellular structure of wood. In ancient Greek, the word \"x\u00falon\" means wood. Wood is made up of cells of different sizes, shapes and functions, which are distributed in a characteristic way in the trunk and branches. I am working with a composite material, polylactic acid (PLA), which is a mixture of corn starch with 40% sawdust, combined with natural wood. Using a 3D pen, I create \"plant meshes\", collections of cells of common origin, of the same structure, which are attacked with a colored pigment. In the X\u00faloncity ensemble, I present nature-inspired jewelry under the microscope.<\/p>\n\n\n\n<p>\"Art\nwas born from the perception and observation of nature.\" <em>Marcus\nTullius Cicero<\/em><\/p>\n\n\n\n<p><strong>X\u00daLONCITY<\/strong><\/p>\n\n\n\n<p>2019 &#8211; 2020<\/p>\n\n\n\n<p>polylactic acid (PLA) with\napproximately 40% wood powder, wood, steel<\/p>\n\n\n\n<p>rings, brooches<\/p>\n\n\n\n<p>In this collection X\u00daLONCITY, I\npresent work inspired by the cellular structure of wood. In ancient Greek, the\nword \"x\u00falon\" means wood. Wood is composed of a multitude of units called cells, with\nvarious sizes, shapes and functions, which they are characteristically\ndistributed in the trunk and branches. I work with a composite material, polylactic\nacid (PLA) filaments from the Natural Fibres which are filled with\napproximately 40% wood powder, and I combine with natural wood. I made this\nwork with 3D pen and I draw \"plant tissues\", it is a collection of similar\ncells, the same structures and they are attacked by colour pigments. In the\ncollection X\u00faloncity, I present jewellery inspired by nature under the\nmicroscope.<\/p>\n\n\n\n<p>\"Art is born of the\nobservation and investigation of nature.\" Marcus Tullius Cicero<\/p>","protected":false},"excerpt":{"rendered":"<p>X\u00daLONCITY 2019 &#8211; 2020, polyml\u00e9\u010dn\u00e1 kyselina (PLA) s 40% d\u0159ev\u011bn\u00fdch pilin, d\u0159evo, nerez, prsteny, bro\u017ee V kolekci X\u00daLONCITY, p\u0159edstavuji pr\u00e1ci inspirovanou bun\u011b\u010dnou stavbou d\u0159eva. Ve staro\u0159e\u010dtin\u011b slovo \u201ex\u00falon\u201c znamen\u00e1 d\u0159evo. D\u0159evo je tvo\u0159eno bu\u0148kami r\u016fzn\u00fdch velikosti, tvaru a funkc\u00ed, kter\u00e9 jsou v kmeni a v\u011btv\u00edch charakteristick\u00fdm zp\u016fsobem rozlo\u017eeny. Pracuji s kompozitn\u00edm materi\u00e1lem, polyml\u00e9\u010dn\u00e1 kyselina (PLA), [&hellip;]<\/p>","protected":false},"author":2,"featured_media":0,"comment_status":"closed","ping_status":"closed","sticky":false,"template":"","format":"standard","meta":{"footnotes":""},"categories":[786,833,848,849],"tags":[],"_links":{"self":[{"href":"https:\/\/www.bratislavadesignweek.sk\/en\/wp-json\/wp\/v2\/posts\/9737"}],"collection":[{"href":"https:\/\/www.bratislavadesignweek.sk\/en\/wp-json\/wp\/v2\/posts"}],"about":[{"href":"https:\/\/www.bratislavadesignweek.sk\/en\/wp-json\/wp\/v2\/types\/post"}],"author":[{"embeddable":true,"href":"https:\/\/www.bratislavadesignweek.sk\/en\/wp-json\/wp\/v2\/users\/2"}],"replies":[{"embeddable":true,"href":"https:\/\/www.bratislavadesignweek.sk\/en\/wp-json\/wp\/v2\/comments?post=9737"}],"version-history":[{"count":3,"href":"https:\/\/www.bratislavadesignweek.sk\/en\/wp-json\/wp\/v2\/posts\/9737\/revisions"}],"predecessor-version":[{"id":9746,"href":"https:\/\/www.bratislavadesignweek.sk\/en\/wp-json\/wp\/v2\/posts\/9737\/revisions\/9746"}],"wp:attachment":[{"href":"https:\/\/www.bratislavadesignweek.sk\/en\/wp-json\/wp\/v2\/media?parent=9737"}],"wp:term":[{"taxonomy":"category","embeddable":true,"href":"https:\/\/www.bratislavadesignweek.sk\/en\/wp-json\/wp\/v2\/categories?post=9737"},{"taxonomy":"post_tag","embeddable":true,"href":"https:\/\/www.bratislavadesignweek.sk\/en\/wp-json\/wp\/v2\/tags?post=9737"}],"curies":[{"name":"wp","href":"https:\/\/api.w.org\/{rel}","templated":true}]}}