{"id":9781,"date":"2020-11-18T09:37:29","date_gmt":"2020-11-18T08:37:29","guid":{"rendered":"http:\/\/www.bratislavadesignweek.sk\/?p=9781"},"modified":"2020-11-18T09:46:03","modified_gmt":"2020-11-18T08:46:03","slug":"richard-sekerak","status":"publish","type":"post","link":"https:\/\/www.bratislavadesignweek.sk\/en\/richard-sekerak\/","title":{"rendered":"Richard Seker\u00e1k"},"content":{"rendered":"<ul class=\"wp-block-gallery columns-1 is-cropped wp-block-gallery-1 is-layout-flex wp-block-gallery-is-layout-flex\"><li class=\"blocks-gallery-item\"><figure><img fetchpriority=\"high\" decoding=\"async\" width=\"1024\" height=\"683\" src=\"http:\/\/www.bratislavadesignweek.sk\/wp-content\/uploads\/2020\/11\/DSC_0433-2-1024x683.jpg\" alt=\"\" data-id=\"9786\" data-link=\"http:\/\/www.bratislavadesignweek.sk\/richard-sekerak\/dsc_0433-3\/\" class=\"wp-image-9786\" srcset=\"https:\/\/www.bratislavadesignweek.sk\/wp-content\/uploads\/2020\/11\/DSC_0433-2-1024x683.jpg 1024w, https:\/\/www.bratislavadesignweek.sk\/wp-content\/uploads\/2020\/11\/DSC_0433-2-300x200.jpg 300w, https:\/\/www.bratislavadesignweek.sk\/wp-content\/uploads\/2020\/11\/DSC_0433-2-768x512.jpg 768w, https:\/\/www.bratislavadesignweek.sk\/wp-content\/uploads\/2020\/11\/DSC_0433-2-1280x853.jpg 1280w\" sizes=\"(max-width: 1024px) 100vw, 1024px\" \/><\/figure><\/li><\/ul>\n\n\n\n<p>Doctoral student HERE<\/p>\n\n\n\n<p>Kolekcia RURU chair<\/p>\n\n\n\n<p>Pri svojej pr\u00e1ci sa zameriavam hlavne na dizajn n\u00e1bytku a interi\u00e9ru, ale aj doplnkov a produktov, ktor\u00e9 obohatia ka\u017ed\u00fd jeden projekt. Moj\u00edm dizajnom prin\u00e1\u0161am pre verejnos\u0165 novos\u0165, s pridanou hodnotou a ur\u010dit\u00fdm emo\u010dn\u00fdm z\u00e1\u017eitkom. Pri tvorbe RURU chair bolo moj\u00edm cie\u013eom vytvori\u0165 z odpadu kvalitn\u00fd n\u00e1bytok. My\u0161lienka pracova\u0165 z\u00a0 odpadom sa zrodila pri tom \u017ee samotn\u00fd \u010dlovek vylu\u010duje odpad, a tak sa zrodil prv\u00fd koncept pou\u017eitia odpadov\u00fdch \u0161achtov\u00fdch r\u00far. Pri materi\u00e1lnych vlastnostiach som ocenil pru\u017enos\u0165 ale aj pevnos\u0165 ktor\u00e1 mi dopomohla k ergonomickej\u0161ej a \u013eah\u0161ej tvorbe n\u00e1bytku. <\/p>\n\n\n\n<p>Kontakt:\n@99.riso<\/p>","protected":false},"excerpt":{"rendered":"<p>Doktorand TUZVO Kolekcia RURU chair Pri svojej pr\u00e1ci sa zameriavam hlavne na dizajn n\u00e1bytku a interi\u00e9ru, ale aj doplnkov a produktov, ktor\u00e9 obohatia ka\u017ed\u00fd jeden projekt. Moj\u00edm dizajnom prin\u00e1\u0161am pre verejnos\u0165 novos\u0165, s pridanou hodnotou a ur\u010dit\u00fdm emo\u010dn\u00fdm z\u00e1\u017eitkom. Pri tvorbe RURU chair bolo moj\u00edm cie\u013eom vytvori\u0165 z odpadu kvalitn\u00fd n\u00e1bytok. My\u0161lienka pracova\u0165 z\u00a0 odpadom [&hellip;]<\/p>","protected":false},"author":2,"featured_media":0,"comment_status":"closed","ping_status":"closed","sticky":false,"template":"","format":"standard","meta":{"footnotes":""},"categories":[848,833,849],"tags":[],"_links":{"self":[{"href":"https:\/\/www.bratislavadesignweek.sk\/en\/wp-json\/wp\/v2\/posts\/9781"}],"collection":[{"href":"https:\/\/www.bratislavadesignweek.sk\/en\/wp-json\/wp\/v2\/posts"}],"about":[{"href":"https:\/\/www.bratislavadesignweek.sk\/en\/wp-json\/wp\/v2\/types\/post"}],"author":[{"embeddable":true,"href":"https:\/\/www.bratislavadesignweek.sk\/en\/wp-json\/wp\/v2\/users\/2"}],"replies":[{"embeddable":true,"href":"https:\/\/www.bratislavadesignweek.sk\/en\/wp-json\/wp\/v2\/comments?post=9781"}],"version-history":[{"count":3,"href":"https:\/\/www.bratislavadesignweek.sk\/en\/wp-json\/wp\/v2\/posts\/9781\/revisions"}],"predecessor-version":[{"id":9795,"href":"https:\/\/www.bratislavadesignweek.sk\/en\/wp-json\/wp\/v2\/posts\/9781\/revisions\/9795"}],"wp:attachment":[{"href":"https:\/\/www.bratislavadesignweek.sk\/en\/wp-json\/wp\/v2\/media?parent=9781"}],"wp:term":[{"taxonomy":"category","embeddable":true,"href":"https:\/\/www.bratislavadesignweek.sk\/en\/wp-json\/wp\/v2\/categories?post=9781"},{"taxonomy":"post_tag","embeddable":true,"href":"https:\/\/www.bratislavadesignweek.sk\/en\/wp-json\/wp\/v2\/tags?post=9781"}],"curies":[{"name":"wp","href":"https:\/\/api.w.org\/{rel}","templated":true}]}}