{"id":9797,"date":"2020-11-18T09:50:22","date_gmt":"2020-11-18T08:50:22","guid":{"rendered":"http:\/\/www.bratislavadesignweek.sk\/?p=9797"},"modified":"2020-11-18T09:50:24","modified_gmt":"2020-11-18T08:50:24","slug":"jakub-forgac","status":"publish","type":"post","link":"https:\/\/www.bratislavadesignweek.sk\/en\/jakub-forgac\/","title":{"rendered":"Jakub Forg\u00e1\u010d"},"content":{"rendered":"<ul class=\"wp-block-gallery columns-2 is-cropped wp-block-gallery-1 is-layout-flex wp-block-gallery-is-layout-flex\"><li class=\"blocks-gallery-item\"><figure><img fetchpriority=\"high\" decoding=\"async\" width=\"1024\" height=\"691\" src=\"http:\/\/www.bratislavadesignweek.sk\/wp-content\/uploads\/2020\/11\/POHLAD2-1024x691.jpg\" alt=\"\" data-id=\"9798\" data-link=\"http:\/\/www.bratislavadesignweek.sk\/?attachment_id=9798\" class=\"wp-image-9798\" srcset=\"https:\/\/www.bratislavadesignweek.sk\/wp-content\/uploads\/2020\/11\/POHLAD2-1024x691.jpg 1024w, https:\/\/www.bratislavadesignweek.sk\/wp-content\/uploads\/2020\/11\/POHLAD2-300x203.jpg 300w, https:\/\/www.bratislavadesignweek.sk\/wp-content\/uploads\/2020\/11\/POHLAD2-768x518.jpg 768w, https:\/\/www.bratislavadesignweek.sk\/wp-content\/uploads\/2020\/11\/POHLAD2.jpg 1200w\" sizes=\"(max-width: 1024px) 100vw, 1024px\" \/><\/figure><\/li><li class=\"blocks-gallery-item\"><figure><img decoding=\"async\" width=\"1024\" height=\"638\" src=\"http:\/\/www.bratislavadesignweek.sk\/wp-content\/uploads\/2020\/11\/POHLAD-1024x638.jpg\" alt=\"\" data-id=\"9799\" data-link=\"http:\/\/www.bratislavadesignweek.sk\/?attachment_id=9799\" class=\"wp-image-9799\" srcset=\"https:\/\/www.bratislavadesignweek.sk\/wp-content\/uploads\/2020\/11\/POHLAD-1024x638.jpg 1024w, https:\/\/www.bratislavadesignweek.sk\/wp-content\/uploads\/2020\/11\/POHLAD-300x187.jpg 300w, https:\/\/www.bratislavadesignweek.sk\/wp-content\/uploads\/2020\/11\/POHLAD-768x479.jpg 768w, https:\/\/www.bratislavadesignweek.sk\/wp-content\/uploads\/2020\/11\/POHLAD-1280x798.jpg 1280w\" sizes=\"(max-width: 1024px) 100vw, 1024px\" \/><\/figure><\/li><\/ul>\n\n\n\n<p>Doctoral student HERE<\/p>\n\n\n\n<p>Taburetky REEF<\/p>\n\n\n\n<p> Vol\u00e1m sa Jakub Forg\u00e1\u010d a som \u0160tudentom doktorandsk\u00e9ho \u0161t\u00fadia v programe Dizajn n\u00e1bytku a b\u00fdvania na Technickej Univerzite vo Zvolene. N\u00edzke taburety REEF vznikli transform\u00e1ciou a prienikom r\u00f4znorod\u00fdch materi\u00e1lov v snahe vytvori\u0165 kompaktn\u00fd celok a jeho fin\u00e1lne prevedenie je mo\u017en\u00e9  modifikova\u0165 do mno\u017estva alternat\u00edv.<\/p>\n\n\n\n<p>Kontakt: fb\/ Jakub Forgac<strong><\/strong><\/p>","protected":false},"excerpt":{"rendered":"<p>Doktorand TUZVO Taburetky REEF Vol\u00e1m sa Jakub Forg\u00e1\u010d a som \u0160tudentom doktorandsk\u00e9ho \u0161t\u00fadia v programe Dizajn n\u00e1bytku a b\u00fdvania na Technickej Univerzite vo Zvolene. N\u00edzke taburety REEF vznikli transform\u00e1ciou a prienikom r\u00f4znorod\u00fdch materi\u00e1lov v snahe vytvori\u0165 kompaktn\u00fd celok a jeho fin\u00e1lne prevedenie je mo\u017en\u00e9 modifikova\u0165 do mno\u017estva alternat\u00edv. Kontakt: fb\/ Jakub Forgac<\/p>","protected":false},"author":2,"featured_media":0,"comment_status":"closed","ping_status":"closed","sticky":false,"template":"","format":"standard","meta":{"footnotes":""},"categories":[786,833,848,849],"tags":[],"_links":{"self":[{"href":"https:\/\/www.bratislavadesignweek.sk\/en\/wp-json\/wp\/v2\/posts\/9797"}],"collection":[{"href":"https:\/\/www.bratislavadesignweek.sk\/en\/wp-json\/wp\/v2\/posts"}],"about":[{"href":"https:\/\/www.bratislavadesignweek.sk\/en\/wp-json\/wp\/v2\/types\/post"}],"author":[{"embeddable":true,"href":"https:\/\/www.bratislavadesignweek.sk\/en\/wp-json\/wp\/v2\/users\/2"}],"replies":[{"embeddable":true,"href":"https:\/\/www.bratislavadesignweek.sk\/en\/wp-json\/wp\/v2\/comments?post=9797"}],"version-history":[{"count":1,"href":"https:\/\/www.bratislavadesignweek.sk\/en\/wp-json\/wp\/v2\/posts\/9797\/revisions"}],"predecessor-version":[{"id":9801,"href":"https:\/\/www.bratislavadesignweek.sk\/en\/wp-json\/wp\/v2\/posts\/9797\/revisions\/9801"}],"wp:attachment":[{"href":"https:\/\/www.bratislavadesignweek.sk\/en\/wp-json\/wp\/v2\/media?parent=9797"}],"wp:term":[{"taxonomy":"category","embeddable":true,"href":"https:\/\/www.bratislavadesignweek.sk\/en\/wp-json\/wp\/v2\/categories?post=9797"},{"taxonomy":"post_tag","embeddable":true,"href":"https:\/\/www.bratislavadesignweek.sk\/en\/wp-json\/wp\/v2\/tags?post=9797"}],"curies":[{"name":"wp","href":"https:\/\/api.w.org\/{rel}","templated":true}]}}