{"id":9817,"date":"2020-11-20T08:57:17","date_gmt":"2020-11-20T07:57:17","guid":{"rendered":"http:\/\/www.bratislavadesignweek.sk\/?p=9817"},"modified":"2020-12-04T10:08:08","modified_gmt":"2020-12-04T09:08:08","slug":"edicia-majstri-imrich-vanek-zlata-horucka","status":"publish","type":"post","link":"https:\/\/www.bratislavadesignweek.sk\/en\/edicia-majstri-imrich-vanek-zlata-horucka\/","title":{"rendered":"Ed\u00edcia Majstri \/ Imrich Vanek \/ Zlat\u00e1 hor\u00fa\u010dka"},"content":{"rendered":"<ul class=\"wp-block-gallery columns-2 is-cropped wp-block-gallery-1 is-layout-flex wp-block-gallery-is-layout-flex\">\r\n<li class=\"blocks-gallery-item\">\r\n<figure><img decoding=\"async\" width=\"155\" height=\"206\" class=\"wp-image-9818\" src=\"http:\/\/www.bratislavadesignweek.sk\/wp-content\/uploads\/2020\/11\/124971183_2792402324321915_2661591897805366337_n.jpg\" alt=\"\" data-id=\"9818\" data-link=\"http:\/\/www.bratislavadesignweek.sk\/?attachment_id=9818\" \/><\/figure>\r\n<\/li>\r\n<li class=\"blocks-gallery-item\">\r\n<figure><img decoding=\"async\" width=\"340\" height=\"120\" class=\"wp-image-9819\" src=\"http:\/\/www.bratislavadesignweek.sk\/wp-content\/uploads\/2020\/11\/download-7.jpg\" alt=\"\" data-id=\"9819\" data-link=\"http:\/\/www.bratislavadesignweek.sk\/?attachment_id=9819\" srcset=\"https:\/\/www.bratislavadesignweek.sk\/wp-content\/uploads\/2020\/11\/download-7.jpg 340w, https:\/\/www.bratislavadesignweek.sk\/wp-content\/uploads\/2020\/11\/download-7-300x106.jpg 300w\" sizes=\"(max-width: 340px) 100vw, 340px\" \/><\/figure>\r\n<\/li>\r\n<\/ul>\r\n\r\n\r\n\r\n<p>Imrich Vanek (1931 &#8211; 2015)<\/p>\r\n\r\n\r\n\r\n<p><br \/>sa venoval komornej keramickej plastike a\u00a0je autorom nieko\u013ek\u00fdch dizajn\u00e9rskych n\u00e1vrhov a\u00a0po\u010detn\u00e9ho soch\u00e1rskeho diela v\u00a0architekt\u00fare: reli\u00e9f pre hotel Krym v\u00a0Bratislave (1964), reli\u00e9f v\u00a0Dome sm\u00fatku v\u00a0Nov\u00fdch Z\u00e1mkoch (1971), reli\u00e9f pre budovu Cestovnej kancel\u00e1rie \u010cSA v\u00a0Ko\u0161iciach (1975), reli\u00e9f v\u00a0Dome odborov Istropolis v\u00a0Bratislave (1980).\u00a0Jeho tvorba bola mnohokr\u00e1t ocenen\u00e1 a\u00a0je s\u00fa\u010das\u0165ou zbierok doma aj v\u00a0zahrani\u010d\u00ed.<\/p>\r\n\r\n\r\n\r\n<p>V\u00fdstav bude v ZOYA gallery &#8211; kur\u00e1tori v\u00fdstavy: Zuzana Bodnarov\u00e1 &amp; Sv\u00e4topluk Mikyta &#8211; <a href=\"https:\/\/www.instagram.com\/banskastanica_sk\/\">@banskastanica_sk<\/a><br \/>&#8211;<\/p>","protected":false},"excerpt":{"rendered":"<p>Imrich Vanek (1931 &#8211; 2015) sa venoval komornej keramickej plastike a\u00a0je autorom nieko\u013ek\u00fdch dizajn\u00e9rskych n\u00e1vrhov a\u00a0po\u010detn\u00e9ho soch\u00e1rskeho diela v\u00a0architekt\u00fare: reli\u00e9f pre hotel Krym v\u00a0Bratislave (1964), reli\u00e9f v\u00a0Dome sm\u00fatku v\u00a0Nov\u00fdch Z\u00e1mkoch (1971), reli\u00e9f pre budovu Cestovnej kancel\u00e1rie \u010cSA v\u00a0Ko\u0161iciach (1975), reli\u00e9f v\u00a0Dome odborov Istropolis v\u00a0Bratislave (1980).\u00a0Jeho tvorba bola mnohokr\u00e1t ocenen\u00e1 a\u00a0je s\u00fa\u010das\u0165ou zbierok doma aj v\u00a0zahrani\u010d\u00ed. [&hellip;]<\/p>","protected":false},"author":2,"featured_media":0,"comment_status":"closed","ping_status":"closed","sticky":false,"template":"","format":"standard","meta":{"footnotes":""},"categories":[839,846,834],"tags":[],"_links":{"self":[{"href":"https:\/\/www.bratislavadesignweek.sk\/en\/wp-json\/wp\/v2\/posts\/9817"}],"collection":[{"href":"https:\/\/www.bratislavadesignweek.sk\/en\/wp-json\/wp\/v2\/posts"}],"about":[{"href":"https:\/\/www.bratislavadesignweek.sk\/en\/wp-json\/wp\/v2\/types\/post"}],"author":[{"embeddable":true,"href":"https:\/\/www.bratislavadesignweek.sk\/en\/wp-json\/wp\/v2\/users\/2"}],"replies":[{"embeddable":true,"href":"https:\/\/www.bratislavadesignweek.sk\/en\/wp-json\/wp\/v2\/comments?post=9817"}],"version-history":[{"count":3,"href":"https:\/\/www.bratislavadesignweek.sk\/en\/wp-json\/wp\/v2\/posts\/9817\/revisions"}],"predecessor-version":[{"id":9972,"href":"https:\/\/www.bratislavadesignweek.sk\/en\/wp-json\/wp\/v2\/posts\/9817\/revisions\/9972"}],"wp:attachment":[{"href":"https:\/\/www.bratislavadesignweek.sk\/en\/wp-json\/wp\/v2\/media?parent=9817"}],"wp:term":[{"taxonomy":"category","embeddable":true,"href":"https:\/\/www.bratislavadesignweek.sk\/en\/wp-json\/wp\/v2\/categories?post=9817"},{"taxonomy":"post_tag","embeddable":true,"href":"https:\/\/www.bratislavadesignweek.sk\/en\/wp-json\/wp\/v2\/tags?post=9817"}],"curies":[{"name":"wp","href":"https:\/\/api.w.org\/{rel}","templated":true}]}}