{"id":9835,"date":"2020-11-22T10:59:22","date_gmt":"2020-11-22T09:59:22","guid":{"rendered":"http:\/\/www.bratislavadesignweek.sk\/?p=9835"},"modified":"2020-11-22T10:59:30","modified_gmt":"2020-11-22T09:59:30","slug":"online-program-5-december","status":"publish","type":"post","link":"https:\/\/www.bratislavadesignweek.sk\/en\/online-program-5-december\/","title":{"rendered":"ONLINE PROGRAM 5.DECEMBER"},"content":{"rendered":"<p>14.00 N\u00e1rodn\u00e1 cena za komunika\u010dn\u00e1 dizajn 2020 &#8211; N\u00e1rodn\u00e1 cena pre\u0161la v posledn\u00fdch rokoch razantn\u00fdmi premenami. Ak\u00e1 bola t\u00e1 v roku 2020? <\/p>\n\n\n\n<p><strong>M\u00e1ria Ri\u0161kov\u00e1 SCD, Boris Melu\u0161 (porotca), v\u00ed\u0165az NCD, \u013dubica Hust\u00e1 BADW<\/strong> <\/p>\n\n\n\n<p>15.00\u00a0 <strong>MAG D A talk \/ OTCOVA RO\u013dA (ROLA) <\/strong><\/p>\n\n\n\n<p><strong>s Lucia G. Stach (SNG), Matej Gavula, Sv\u00e4topluk Mikyta (Bansk\u00e1 Stanica), a Fedor Bla\u0161\u010d\u00e1k<\/strong> o medzigenera\u010dnej a in\u0161titucion\u00e1lnej starostlivosti o diela umelcov (Juraj Gavula, Imrich Van\u011bk, Stano Filko,  Milan Adam\u010diak a opusten\u00e9 monument\u00e1lky vo verejnom priestore) <\/p>\n\n\n\n<p>16.00 Diskusia <strong>Vlasta Kubu\u0161ov\u00e1 s Alice Stori Liechtenstein<\/strong> (IT\/ AT, kur\u00e1torka s\u00fa\u010dasn\u00e9ho dizajnu v z\u00e1mku <strong>Schlos Holleneq <\/strong>v Rak\u00fasku a dizajn\u00e9r <strong>Klemens Schillinger (AT)<\/strong> nielen o v\u00fdstave Valden v Schlos Holleneq<\/p>\n\n\n\n<p><a href=\"http:\/\/www.storialab.com\/\">http:\/\/www.storialab.com\/<\/a><\/p>\n\n\n\n<p><a href=\"https:\/\/www.klemensschillinger.com\/\">https:\/\/www.klemensschillinger.com\/<\/a><\/p>\n\n\n\n<p>17. 00 dizajn\u00e9r <strong>James Shaw (GB)<\/strong> &#8211; predn\u00e1\u0161ka anglick\u00e9ho dizajn\u00e9ra iba online <\/p>\n\n\n\nShaw sk\u00fama materi\u00e1lne, syst\u00e9mov\u00e9 a form\u00e1lne pr\u00edstupy k tvorbe objektov. \u010casto akceptuje, alebo redefinuje pojem odpadov\u00fd materi\u00e1l a d\u00e1va mu nov\u00fd kontext, \u017eivot a kr\u00e1su. \n\nhttps:\/\/jamesmichaelshaw.co.uk\n\n\n\n<figure class=\"wp-block-image\"><img decoding=\"async\" width=\"20\" height=\"20\" src=\"http:\/\/www.bratislavadesignweek.sk\/wp-content\/uploads\/2020\/11\/image-2.png\" alt=\"\" class=\"wp-image-9836\"\/><\/figure>\n\n\n\n<p><\/p>","protected":false},"excerpt":{"rendered":"<p>14.00 N\u00e1rodn\u00e1 cena za komunika\u010dn\u00e1 dizajn 2020 &#8211; N\u00e1rodn\u00e1 cena pre\u0161la v posledn\u00fdch rokoch razantn\u00fdmi premenami. Ak\u00e1 bola t\u00e1 v roku 2020? M\u00e1ria Ri\u0161kov\u00e1 SCD, Boris Melu\u0161 (porotca), v\u00ed\u0165az NCD, \u013dubica Hust\u00e1 BADW 15.00\u00a0 MAG D A talk \/ OTCOVA RO\u013dA (ROLA) s Lucia G. Stach (SNG), Matej Gavula, Sv\u00e4topluk Mikyta (Bansk\u00e1 Stanica), a Fedor [&hellip;]<\/p>","protected":false},"author":2,"featured_media":0,"comment_status":"closed","ping_status":"closed","sticky":false,"template":"","format":"standard","meta":{"footnotes":""},"categories":[839,846,834,840],"tags":[],"_links":{"self":[{"href":"https:\/\/www.bratislavadesignweek.sk\/en\/wp-json\/wp\/v2\/posts\/9835"}],"collection":[{"href":"https:\/\/www.bratislavadesignweek.sk\/en\/wp-json\/wp\/v2\/posts"}],"about":[{"href":"https:\/\/www.bratislavadesignweek.sk\/en\/wp-json\/wp\/v2\/types\/post"}],"author":[{"embeddable":true,"href":"https:\/\/www.bratislavadesignweek.sk\/en\/wp-json\/wp\/v2\/users\/2"}],"replies":[{"embeddable":true,"href":"https:\/\/www.bratislavadesignweek.sk\/en\/wp-json\/wp\/v2\/comments?post=9835"}],"version-history":[{"count":1,"href":"https:\/\/www.bratislavadesignweek.sk\/en\/wp-json\/wp\/v2\/posts\/9835\/revisions"}],"predecessor-version":[{"id":9837,"href":"https:\/\/www.bratislavadesignweek.sk\/en\/wp-json\/wp\/v2\/posts\/9835\/revisions\/9837"}],"wp:attachment":[{"href":"https:\/\/www.bratislavadesignweek.sk\/en\/wp-json\/wp\/v2\/media?parent=9835"}],"wp:term":[{"taxonomy":"category","embeddable":true,"href":"https:\/\/www.bratislavadesignweek.sk\/en\/wp-json\/wp\/v2\/categories?post=9835"},{"taxonomy":"post_tag","embeddable":true,"href":"https:\/\/www.bratislavadesignweek.sk\/en\/wp-json\/wp\/v2\/tags?post=9835"}],"curies":[{"name":"wp","href":"https:\/\/api.w.org\/{rel}","templated":true}]}}