{"id":9842,"date":"2020-11-22T19:01:45","date_gmt":"2020-11-22T18:01:45","guid":{"rendered":"http:\/\/www.bratislavadesignweek.sk\/?p=9842"},"modified":"2020-11-22T19:31:20","modified_gmt":"2020-11-22T18:31:20","slug":"zheni-studio-a-kristina-sipulova","status":"publish","type":"post","link":"https:\/\/www.bratislavadesignweek.sk\/en\/zheni-studio-a-kristina-sipulova\/","title":{"rendered":"Zheni studio a Krist\u00edna \u0160ipulov\u00e1"},"content":{"rendered":"<ul class=\"wp-block-gallery columns-3 is-cropped wp-block-gallery-1 is-layout-flex wp-block-gallery-is-layout-flex\"><li class=\"blocks-gallery-item\"><figure><img fetchpriority=\"high\" decoding=\"async\" width=\"685\" height=\"1024\" src=\"http:\/\/www.bratislavadesignweek.sk\/wp-content\/uploads\/2020\/11\/2020_zheni.studio_2-685x1024.jpg\" alt=\"\" data-id=\"9844\" data-link=\"http:\/\/www.bratislavadesignweek.sk\/?attachment_id=9844\" class=\"wp-image-9844\" srcset=\"https:\/\/www.bratislavadesignweek.sk\/wp-content\/uploads\/2020\/11\/2020_zheni.studio_2-685x1024.jpg 685w, https:\/\/www.bratislavadesignweek.sk\/wp-content\/uploads\/2020\/11\/2020_zheni.studio_2-201x300.jpg 201w, https:\/\/www.bratislavadesignweek.sk\/wp-content\/uploads\/2020\/11\/2020_zheni.studio_2-768x1148.jpg 768w, https:\/\/www.bratislavadesignweek.sk\/wp-content\/uploads\/2020\/11\/2020_zheni.studio_2-1280x1913.jpg 1280w\" sizes=\"(max-width: 685px) 100vw, 685px\" \/><\/figure><\/li><li class=\"blocks-gallery-item\"><figure><img decoding=\"async\" width=\"683\" height=\"1024\" src=\"http:\/\/www.bratislavadesignweek.sk\/wp-content\/uploads\/2020\/11\/2020_zheni.studio_4-683x1024.jpg\" alt=\"\" data-id=\"9845\" data-link=\"http:\/\/www.bratislavadesignweek.sk\/?attachment_id=9845\" class=\"wp-image-9845\" srcset=\"https:\/\/www.bratislavadesignweek.sk\/wp-content\/uploads\/2020\/11\/2020_zheni.studio_4-683x1024.jpg 683w, https:\/\/www.bratislavadesignweek.sk\/wp-content\/uploads\/2020\/11\/2020_zheni.studio_4-200x300.jpg 200w, https:\/\/www.bratislavadesignweek.sk\/wp-content\/uploads\/2020\/11\/2020_zheni.studio_4-768x1152.jpg 768w, https:\/\/www.bratislavadesignweek.sk\/wp-content\/uploads\/2020\/11\/2020_zheni.studio_4-1280x1920.jpg 1280w\" sizes=\"(max-width: 683px) 100vw, 683px\" \/><\/figure><\/li><li class=\"blocks-gallery-item\"><figure><img decoding=\"async\" width=\"682\" height=\"1024\" src=\"http:\/\/www.bratislavadesignweek.sk\/wp-content\/uploads\/2020\/11\/2020_09_sipulova_0018-682x1024.jpg\" alt=\"\" data-id=\"9846\" data-link=\"http:\/\/www.bratislavadesignweek.sk\/?attachment_id=9846\" class=\"wp-image-9846\" srcset=\"https:\/\/www.bratislavadesignweek.sk\/wp-content\/uploads\/2020\/11\/2020_09_sipulova_0018-682x1024.jpg 682w, https:\/\/www.bratislavadesignweek.sk\/wp-content\/uploads\/2020\/11\/2020_09_sipulova_0018-200x300.jpg 200w, https:\/\/www.bratislavadesignweek.sk\/wp-content\/uploads\/2020\/11\/2020_09_sipulova_0018-768x1152.jpg 768w, https:\/\/www.bratislavadesignweek.sk\/wp-content\/uploads\/2020\/11\/2020_09_sipulova_0018.jpg 1133w\" sizes=\"(max-width: 682px) 100vw, 682px\" \/><\/figure><\/li><li class=\"blocks-gallery-item\"><figure><img loading=\"lazy\" decoding=\"async\" width=\"682\" height=\"1024\" src=\"http:\/\/www.bratislavadesignweek.sk\/wp-content\/uploads\/2020\/11\/2020_09_sipulova_0011-682x1024.jpg\" alt=\"\" data-id=\"9847\" data-link=\"http:\/\/www.bratislavadesignweek.sk\/?attachment_id=9847\" class=\"wp-image-9847\" srcset=\"https:\/\/www.bratislavadesignweek.sk\/wp-content\/uploads\/2020\/11\/2020_09_sipulova_0011-682x1024.jpg 682w, https:\/\/www.bratislavadesignweek.sk\/wp-content\/uploads\/2020\/11\/2020_09_sipulova_0011-200x300.jpg 200w, https:\/\/www.bratislavadesignweek.sk\/wp-content\/uploads\/2020\/11\/2020_09_sipulova_0011-768x1152.jpg 768w, https:\/\/www.bratislavadesignweek.sk\/wp-content\/uploads\/2020\/11\/2020_09_sipulova_0011.jpg 1133w\" sizes=\"(max-width: 682px) 100vw, 682px\" \/><\/figure><\/li><\/ul>\n\n\n\n<p><em>Zmena je jedin\u00e1 istota.<br>Premena, rast, zmena fyzik\u00e1lnej formy, v\u0161etko v pr\u00edrode podstupuje tento proces. Materi\u00e1l s ktor\u00fdm pracujeme, vn\u00edmame, pozorujeme a po\u010d\u00favame. Nepremie\u0148ame ho, ale pom\u00e1hame mu v jeho vlastnej premene.<\/em><br>Spolo\u010dn\u00e1 in\u0161tal\u00e1cia dizajn\u00e9rok je o h\u013eadan\u00ed presahov keramiky a textilu. Poukazuje na proces, vz\u00e1jomn\u00fd dial\u00f3g materi\u00e1lov a ich postupn\u00fa transform\u00e1ciu. <\/p>\n\n\n\n<p>ZHENI is a ceramic design studio. I\u2019m a ceramic designer. Started my professional career as an architect and later as an interior designer, I continue to work with space now by placing my objects in it. Mostly I work with clay as with one of the ancient and natural material human worked with. Perception of the way material got through the thousands of years in different cultures all around the globe gives me a dose of verve.\u0148\u0148<\/p>\n\n\n\n<p>photo: \u013dubo Baran @lubo.baran<br><\/p>\n\n\n\n<p><a href=\"https:\/\/www.zheni.studio\/about\/\">https:\/\/www.zheni.studio\/about\/<\/a><\/p>\n\n\n\n<p>Krist\u00edna \u0160ipulov\u00e1 <\/p>\n\n\n\n<p>Krist\u00edna\u2019s work is the intersection of revival of handweaving and delicacy in the making of textiles. Grew up in Telg\u00e1rt, surrounded by rich slovak\u2019s textile heritage, she has also taken inspirations from different countries where she has lived. During her studies at the Academy of Fine Arts and Design in Bratislava, Slovakia and at the Oslo National Academy of Arts, Norway, she undertook internship at Danish studio Beck&amp;Kinch, where she was producing custom-made, hand-woven fabrics for Chanel. She gained experiences as Visual researcher at Studio Edelkoort in Paris and at Design Assistant at Studio Marl\u00e8ne Huissoud. In Paris, she has also been teaching Textiles and Colour Theory courses at the International Fashion Academy IFA Paris. <\/p>\n\n\n\n<p>photo: Jakub \u010caprnka @nora.jakub @jakub.caprnka<br><\/p>\n\n\n\n<p>kristinasipulova.com<\/p>\n\n\n\n<ul><li><\/li><\/ul>","protected":false},"excerpt":{"rendered":"<p>Zmena je jedin\u00e1 istota.Premena, rast, zmena fyzik\u00e1lnej formy, v\u0161etko v pr\u00edrode podstupuje tento proces. Materi\u00e1l s ktor\u00fdm pracujeme, vn\u00edmame, pozorujeme a po\u010d\u00favame. Nepremie\u0148ame ho, ale pom\u00e1hame mu v jeho vlastnej premene.Spolo\u010dn\u00e1 in\u0161tal\u00e1cia dizajn\u00e9rok je o h\u013eadan\u00ed presahov keramiky a textilu. Poukazuje na proces, vz\u00e1jomn\u00fd dial\u00f3g materi\u00e1lov a ich postupn\u00fa transform\u00e1ciu. ZHENI is a ceramic design [&hellip;]<\/p>","protected":false},"author":2,"featured_media":0,"comment_status":"closed","ping_status":"closed","sticky":false,"template":"","format":"standard","meta":{"footnotes":""},"categories":[786,833,848],"tags":[],"_links":{"self":[{"href":"https:\/\/www.bratislavadesignweek.sk\/en\/wp-json\/wp\/v2\/posts\/9842"}],"collection":[{"href":"https:\/\/www.bratislavadesignweek.sk\/en\/wp-json\/wp\/v2\/posts"}],"about":[{"href":"https:\/\/www.bratislavadesignweek.sk\/en\/wp-json\/wp\/v2\/types\/post"}],"author":[{"embeddable":true,"href":"https:\/\/www.bratislavadesignweek.sk\/en\/wp-json\/wp\/v2\/users\/2"}],"replies":[{"embeddable":true,"href":"https:\/\/www.bratislavadesignweek.sk\/en\/wp-json\/wp\/v2\/comments?post=9842"}],"version-history":[{"count":2,"href":"https:\/\/www.bratislavadesignweek.sk\/en\/wp-json\/wp\/v2\/posts\/9842\/revisions"}],"predecessor-version":[{"id":9850,"href":"https:\/\/www.bratislavadesignweek.sk\/en\/wp-json\/wp\/v2\/posts\/9842\/revisions\/9850"}],"wp:attachment":[{"href":"https:\/\/www.bratislavadesignweek.sk\/en\/wp-json\/wp\/v2\/media?parent=9842"}],"wp:term":[{"taxonomy":"category","embeddable":true,"href":"https:\/\/www.bratislavadesignweek.sk\/en\/wp-json\/wp\/v2\/categories?post=9842"},{"taxonomy":"post_tag","embeddable":true,"href":"https:\/\/www.bratislavadesignweek.sk\/en\/wp-json\/wp\/v2\/tags?post=9842"}],"curies":[{"name":"wp","href":"https:\/\/api.w.org\/{rel}","templated":true}]}}