{"id":9875,"date":"2020-11-24T17:17:55","date_gmt":"2020-11-24T16:17:55","guid":{"rendered":"http:\/\/www.bratislavadesignweek.sk\/?p=9875"},"modified":"2020-11-24T17:48:10","modified_gmt":"2020-11-24T16:48:10","slug":"anna-meyer-a-maria-kafel-ventkowsky-priestmangoode-gb","status":"publish","type":"post","link":"https:\/\/www.bratislavadesignweek.sk\/en\/anna-meyer-a-maria-kafel-ventkowsky-priestmangoode-gb\/","title":{"rendered":"Anna Meyer a Maria Kafel Ventkowsky \/ PriestmanGoode (GB"},"content":{"rendered":"<ul class=\"wp-block-gallery columns-2 is-cropped wp-block-gallery-1 is-layout-flex wp-block-gallery-is-layout-flex\"><li class=\"blocks-gallery-item\"><figure><img fetchpriority=\"high\" decoding=\"async\" width=\"1024\" height=\"1024\" src=\"http:\/\/www.bratislavadesignweek.sk\/wp-content\/uploads\/2020\/11\/instagramPriestmanGoode2-1-1-1024x1024.jpg\" alt=\"\" data-id=\"9877\" data-link=\"http:\/\/www.bratislavadesignweek.sk\/?attachment_id=9877\" class=\"wp-image-9877\" srcset=\"https:\/\/www.bratislavadesignweek.sk\/wp-content\/uploads\/2020\/11\/instagramPriestmanGoode2-1-1-1024x1024.jpg 1024w, https:\/\/www.bratislavadesignweek.sk\/wp-content\/uploads\/2020\/11\/instagramPriestmanGoode2-1-1-150x150.jpg 150w, https:\/\/www.bratislavadesignweek.sk\/wp-content\/uploads\/2020\/11\/instagramPriestmanGoode2-1-1-300x300.jpg 300w, https:\/\/www.bratislavadesignweek.sk\/wp-content\/uploads\/2020\/11\/instagramPriestmanGoode2-1-1-768x768.jpg 768w, https:\/\/www.bratislavadesignweek.sk\/wp-content\/uploads\/2020\/11\/instagramPriestmanGoode2-1-1-1280x1280.jpg 1280w\" sizes=\"(max-width: 1024px) 100vw, 1024px\" \/><\/figure><\/li><li class=\"blocks-gallery-item\"><figure><img decoding=\"async\" width=\"1024\" height=\"1024\" src=\"http:\/\/www.bratislavadesignweek.sk\/wp-content\/uploads\/2020\/11\/instagramPriestmanGoode-2-1024x1024.jpg\" alt=\"\" data-id=\"9879\" data-link=\"http:\/\/www.bratislavadesignweek.sk\/?attachment_id=9879\" class=\"wp-image-9879\" srcset=\"https:\/\/www.bratislavadesignweek.sk\/wp-content\/uploads\/2020\/11\/instagramPriestmanGoode-2-1024x1024.jpg 1024w, https:\/\/www.bratislavadesignweek.sk\/wp-content\/uploads\/2020\/11\/instagramPriestmanGoode-2-150x150.jpg 150w, https:\/\/www.bratislavadesignweek.sk\/wp-content\/uploads\/2020\/11\/instagramPriestmanGoode-2-300x300.jpg 300w, https:\/\/www.bratislavadesignweek.sk\/wp-content\/uploads\/2020\/11\/instagramPriestmanGoode-2-768x768.jpg 768w, https:\/\/www.bratislavadesignweek.sk\/wp-content\/uploads\/2020\/11\/instagramPriestmanGoode-2-1280x1280.jpg 1280w\" sizes=\"(max-width: 1024px) 100vw, 1024px\" \/><\/figure><\/li><\/ul>\n\n\n\n<p>Anna Meyer a Maria Kafel Ventkowsky z renomovan\u00e9ho lond\u00fdnskeho ateli\u00e9ru PriestmanGoode sa na BADW predstavia v diskusii o bud\u00facnosti take away z poh\u013eadu obalov\u00fdch materi\u00e1lov bud\u00facnosti tzv. zodpovedn\u00fdch materi\u00e1lov. Ak\u00e9 to bude po skon\u010den\u00ed pand\u00e9mie? Diskusiu je s\u00fa\u010das\u0165ou projektu ,Rethinking food takeaways packaging&#8216; ktor\u00fd inicioval Wallpaper Re-made. <\/p>\n\n\n\n<p>Diskusia sa kon\u00e1 online 4. decembra o 17.00<\/p>\n\n\n\n<p>priestmangoode.com <\/p>\n\n\n\n<p>Vlasta Kubu\u0161ov\u00e1 from crafting plastics! studio, together with Anna Meyer and Maria Kafel-Ventkowska from Priestmann-Goode will discuss the future of takeaways from the perspective of the new responsible materials, the possible transition towards more ecological approaches after the pandemic era and their project ,Rethinking food takeaways packaging&#8216; for Wallpaper Re-made.<\/p>\n\n\n\n<p><br><\/p>","protected":false},"excerpt":{"rendered":"<p>Anna Meyer a Maria Kafel Ventkowsky z renomovan\u00e9ho lond\u00fdnskeho ateli\u00e9ru PriestmanGoode sa na BADW predstavia v diskusii o bud\u00facnosti take away z poh\u013eadu obalov\u00fdch materi\u00e1lov bud\u00facnosti tzv. zodpovedn\u00fdch materi\u00e1lov. Ak\u00e9 to bude po skon\u010den\u00ed pand\u00e9mie? Diskusiu je s\u00fa\u010das\u0165ou projektu ,Rethinking food takeaways packaging&#8216; ktor\u00fd inicioval Wallpaper Re-made. Diskusia sa kon\u00e1 online 4. decembra o 17.00 [&hellip;]<\/p>","protected":false},"author":2,"featured_media":0,"comment_status":"closed","ping_status":"closed","sticky":false,"template":"","format":"standard","meta":{"footnotes":""},"categories":[839,834,786],"tags":[],"_links":{"self":[{"href":"https:\/\/www.bratislavadesignweek.sk\/en\/wp-json\/wp\/v2\/posts\/9875"}],"collection":[{"href":"https:\/\/www.bratislavadesignweek.sk\/en\/wp-json\/wp\/v2\/posts"}],"about":[{"href":"https:\/\/www.bratislavadesignweek.sk\/en\/wp-json\/wp\/v2\/types\/post"}],"author":[{"embeddable":true,"href":"https:\/\/www.bratislavadesignweek.sk\/en\/wp-json\/wp\/v2\/users\/2"}],"replies":[{"embeddable":true,"href":"https:\/\/www.bratislavadesignweek.sk\/en\/wp-json\/wp\/v2\/comments?post=9875"}],"version-history":[{"count":2,"href":"https:\/\/www.bratislavadesignweek.sk\/en\/wp-json\/wp\/v2\/posts\/9875\/revisions"}],"predecessor-version":[{"id":9890,"href":"https:\/\/www.bratislavadesignweek.sk\/en\/wp-json\/wp\/v2\/posts\/9875\/revisions\/9890"}],"wp:attachment":[{"href":"https:\/\/www.bratislavadesignweek.sk\/en\/wp-json\/wp\/v2\/media?parent=9875"}],"wp:term":[{"taxonomy":"category","embeddable":true,"href":"https:\/\/www.bratislavadesignweek.sk\/en\/wp-json\/wp\/v2\/categories?post=9875"},{"taxonomy":"post_tag","embeddable":true,"href":"https:\/\/www.bratislavadesignweek.sk\/en\/wp-json\/wp\/v2\/tags?post=9875"}],"curies":[{"name":"wp","href":"https:\/\/api.w.org\/{rel}","templated":true}]}}