{"id":9964,"date":"2020-12-02T12:55:34","date_gmt":"2020-12-02T11:55:34","guid":{"rendered":"http:\/\/www.bratislavadesignweek.sk\/?p=9964"},"modified":"2020-12-02T12:56:13","modified_gmt":"2020-12-02T11:56:13","slug":"9964","status":"publish","type":"post","link":"https:\/\/www.bratislavadesignweek.sk\/en\/9964\/","title":{"rendered":"Atelier Space \/ Department of Visual Communication at the Academy of Fine Arts"},"content":{"rendered":"<p>STUDIO SPACE<\/p>\n<p>The Space Studio at the Department of Visual Communication at the Academy of Fine Arts in Bratislava is a unique educational and research workplace in Central and Eastern Europe for the creation and exploration of visual communication in architecture, public space, exhibition and in the broader spatial relations of not only the physical world as conventionally understood space.<\/p>\n<p>At the undergraduate level, students are introduced to the methods and scope of visual communication in space and validate their experience on smaller simulated or real assignments. Teaching is supported by thematic workshops by our external collaborators from Slovakia and abroad.<\/p>\n<p>At the master's level, students formulate their own themes related to space and work on independent tasks in space, supported by research often resulting in textual or other visual output. In addition, they work in teams on assignments that are tied to the real environment of a museum, gallery or other exhibition space.<\/p>\n<p>At the doctoral level, students concentrate on investigating a specific complex problem in space. The result is a publication expanding knowledge in the field of visual communication in space and its physical interpretation.<\/p>\n<p>Within the KEGA research project we are working with our external collaborators to build an international SPACE \/ SPATIAL design programme. In parallel, we publish publications, organize seminars, discussions and support research projects of Master and PhD students in the Atelier Space.<\/p>\n<p>&#8211; &#8211; &#8211;<\/p>\n<p>Space Studio of Department of Visual Communication in Academy of Fine Arts and Design in Bratislava is in middle and eastern Europe unique educational and research institution at creating and exploring visual communication in architecture,<br \/>\npublic space, exposure and in wider spatial relationships not just the physical world as conventionally understood space.<\/p>\n<p>At the bachelor's degree level, students acquaint with the methods and range of visual communication in space and prove their skills on smaller simulated, or real assignments. Education is supported by thematic workshops or seminars lead by our external collaborators from Slovakia and abroad.<\/p>\n<p>At the master's degree study program students form their own<br \/>\ntopics and themes related to space and their work in a team or as individual on separate tasks in space supported in reseach often resulting in textual or other visual output. Additionally, they work as a team on assignments that are linked to the real environment of museum, gallery or other public space.<\/p>\n<p>At the doctoral level study program students focus on research on specific complex problem in real space. The result is a publication expanding knowledge of visual communication and it's physical interpretation.<\/p>\n<p>As a part of a research project KEGA, we work with our external collaborators, artists and designers to build international program SPACE \/ SPATIAL design. We publish many publications, organize seminars, different discussions, teambuildings and of course we support research projects of students in master and doctoral study programs at Space Studio.<img fetchpriority=\"high\" decoding=\"async\" class=\"aligncenter size-full wp-image-9965\" src=\"http:\/\/www.bratislavadesignweek.sk\/wp-content\/uploads\/2020\/12\/BACO_ERICH.jpg\" alt=\"\" width=\"5101\" height=\"6376\" srcset=\"https:\/\/www.bratislavadesignweek.sk\/wp-content\/uploads\/2020\/12\/BACO_ERICH.jpg 5101w, https:\/\/www.bratislavadesignweek.sk\/wp-content\/uploads\/2020\/12\/BACO_ERICH-240x300.jpg 240w, https:\/\/www.bratislavadesignweek.sk\/wp-content\/uploads\/2020\/12\/BACO_ERICH-768x960.jpg 768w, https:\/\/www.bratislavadesignweek.sk\/wp-content\/uploads\/2020\/12\/BACO_ERICH-819x1024.jpg 819w, https:\/\/www.bratislavadesignweek.sk\/wp-content\/uploads\/2020\/12\/BACO_ERICH-1280x1600.jpg 1280w\" sizes=\"(max-width: 5101px) 100vw, 5101px\" \/> <img decoding=\"async\" class=\"aligncenter size-full wp-image-9966\" src=\"http:\/\/www.bratislavadesignweek.sk\/wp-content\/uploads\/2020\/12\/CHLAPEC_ONDREJ.png\" alt=\"\" width=\"3840\" height=\"2160\" srcset=\"https:\/\/www.bratislavadesignweek.sk\/wp-content\/uploads\/2020\/12\/CHLAPEC_ONDREJ.png 3840w, https:\/\/www.bratislavadesignweek.sk\/wp-content\/uploads\/2020\/12\/CHLAPEC_ONDREJ-300x169.png 300w, https:\/\/www.bratislavadesignweek.sk\/wp-content\/uploads\/2020\/12\/CHLAPEC_ONDREJ-768x432.png 768w, https:\/\/www.bratislavadesignweek.sk\/wp-content\/uploads\/2020\/12\/CHLAPEC_ONDREJ-1024x576.png 1024w, https:\/\/www.bratislavadesignweek.sk\/wp-content\/uploads\/2020\/12\/CHLAPEC_ONDREJ-1280x720.png 1280w\" sizes=\"(max-width: 3840px) 100vw, 3840px\" \/> <img decoding=\"async\" class=\"aligncenter size-full wp-image-9967\" src=\"http:\/\/www.bratislavadesignweek.sk\/wp-content\/uploads\/2020\/12\/PLACKOVA_KATARINA_03.jpg\" alt=\"\" width=\"2163\" height=\"2159\" srcset=\"https:\/\/www.bratislavadesignweek.sk\/wp-content\/uploads\/2020\/12\/PLACKOVA_KATARINA_03.jpg 2163w, https:\/\/www.bratislavadesignweek.sk\/wp-content\/uploads\/2020\/12\/PLACKOVA_KATARINA_03-150x150.jpg 150w, https:\/\/www.bratislavadesignweek.sk\/wp-content\/uploads\/2020\/12\/PLACKOVA_KATARINA_03-300x300.jpg 300w, https:\/\/www.bratislavadesignweek.sk\/wp-content\/uploads\/2020\/12\/PLACKOVA_KATARINA_03-768x767.jpg 768w, https:\/\/www.bratislavadesignweek.sk\/wp-content\/uploads\/2020\/12\/PLACKOVA_KATARINA_03-1024x1022.jpg 1024w, https:\/\/www.bratislavadesignweek.sk\/wp-content\/uploads\/2020\/12\/PLACKOVA_KATARINA_03-1280x1278.jpg 1280w\" sizes=\"(max-width: 2163px) 100vw, 2163px\" \/><\/p>","protected":false},"excerpt":{"rendered":"<p>ATELIER PRIESTOR Ateli\u00e9r Priestor na Katedea vizu\u00e1lnej komunik\u00e1cie Vysokej \u0161koly v\u00fdtvarn\u00fdch umen\u00ed v Bratislave je v strednej a v\u00fdchodnej Eur\u00f3pe ojedinel\u00fdm vzdel\u00e1vacim a v\u00fdskumn\u00fdm pracoviskom na tvorbu a sk\u00famanie vizu\u00e1lnej komunik\u00e1cie v architekt\u00fare, verejnom priestore, expoz\u00edcii a v \u0161ir\u0161\u00edch priestorov\u00fdch vz\u0165ahoch nielen fyzick\u00e9ho sveta ako konven\u010dne ch\u00e1pan\u00e9ho priestoru. Na bakal\u00e1rskom stupni \u0161t\u00fadia sa \u0161tudenti oboznamuj\u00fa [&hellip;]<\/p>","protected":false},"author":2,"featured_media":0,"comment_status":"closed","ping_status":"closed","sticky":false,"template":"","format":"standard","meta":{"footnotes":""},"categories":[846,786,848,833],"tags":[],"_links":{"self":[{"href":"https:\/\/www.bratislavadesignweek.sk\/en\/wp-json\/wp\/v2\/posts\/9964"}],"collection":[{"href":"https:\/\/www.bratislavadesignweek.sk\/en\/wp-json\/wp\/v2\/posts"}],"about":[{"href":"https:\/\/www.bratislavadesignweek.sk\/en\/wp-json\/wp\/v2\/types\/post"}],"author":[{"embeddable":true,"href":"https:\/\/www.bratislavadesignweek.sk\/en\/wp-json\/wp\/v2\/users\/2"}],"replies":[{"embeddable":true,"href":"https:\/\/www.bratislavadesignweek.sk\/en\/wp-json\/wp\/v2\/comments?post=9964"}],"version-history":[{"count":2,"href":"https:\/\/www.bratislavadesignweek.sk\/en\/wp-json\/wp\/v2\/posts\/9964\/revisions"}],"predecessor-version":[{"id":9969,"href":"https:\/\/www.bratislavadesignweek.sk\/en\/wp-json\/wp\/v2\/posts\/9964\/revisions\/9969"}],"wp:attachment":[{"href":"https:\/\/www.bratislavadesignweek.sk\/en\/wp-json\/wp\/v2\/media?parent=9964"}],"wp:term":[{"taxonomy":"category","embeddable":true,"href":"https:\/\/www.bratislavadesignweek.sk\/en\/wp-json\/wp\/v2\/categories?post=9964"},{"taxonomy":"post_tag","embeddable":true,"href":"https:\/\/www.bratislavadesignweek.sk\/en\/wp-json\/wp\/v2\/tags?post=9964"}],"curies":[{"name":"wp","href":"https:\/\/api.w.org\/{rel}","templated":true}]}}