{"id":108,"count":1,"description":"","link":"https:\/\/www.bratislavadesignweek.sk\/en\/tag\/zuzana-tuss-culinkova-en\/","name":"Zuzana Tu\u0161\u0161 Culinkov\u00e1 @en","slug":"zuzana-tuss-culinkova-en","taxonomy":"post_tag","meta":[],"_links":{"self":[{"href":"https:\/\/www.bratislavadesignweek.sk\/en\/wp-json\/wp\/v2\/tags\/108"}],"collection":[{"href":"https:\/\/www.bratislavadesignweek.sk\/en\/wp-json\/wp\/v2\/tags"}],"about":[{"href":"https:\/\/www.bratislavadesignweek.sk\/en\/wp-json\/wp\/v2\/taxonomies\/post_tag"}],"wp:post_type":[{"href":"https:\/\/www.bratislavadesignweek.sk\/en\/wp-json\/wp\/v2\/posts?tags=108"}],"curies":[{"name":"wp","href":"https:\/\/api.w.org\/{rel}","templated":true}]}}