{"id":594,"count":2,"description":"","link":"https:\/\/www.bratislavadesignweek.sk\/en\/tag\/lukas-jaburek\/","name":"Luk\u00e1\u0161 Jab\u016frek","slug":"lukas-jaburek","taxonomy":"post_tag","meta":[],"_links":{"self":[{"href":"https:\/\/www.bratislavadesignweek.sk\/en\/wp-json\/wp\/v2\/tags\/594"}],"collection":[{"href":"https:\/\/www.bratislavadesignweek.sk\/en\/wp-json\/wp\/v2\/tags"}],"about":[{"href":"https:\/\/www.bratislavadesignweek.sk\/en\/wp-json\/wp\/v2\/taxonomies\/post_tag"}],"wp:post_type":[{"href":"https:\/\/www.bratislavadesignweek.sk\/en\/wp-json\/wp\/v2\/posts?tags=594"}],"curies":[{"name":"wp","href":"https:\/\/api.w.org\/{rel}","templated":true}]}}