{"id":685,"count":1,"description":"","link":"https:\/\/www.bratislavadesignweek.sk\/en\/tag\/v-ocakavani-zazraku\/","name":"V\u00a0o\u010dak\u00e1van\u00ed z\u00e1zraku","slug":"v-ocakavani-zazraku","taxonomy":"post_tag","meta":[],"_links":{"self":[{"href":"https:\/\/www.bratislavadesignweek.sk\/en\/wp-json\/wp\/v2\/tags\/685"}],"collection":[{"href":"https:\/\/www.bratislavadesignweek.sk\/en\/wp-json\/wp\/v2\/tags"}],"about":[{"href":"https:\/\/www.bratislavadesignweek.sk\/en\/wp-json\/wp\/v2\/taxonomies\/post_tag"}],"wp:post_type":[{"href":"https:\/\/www.bratislavadesignweek.sk\/en\/wp-json\/wp\/v2\/posts?tags=685"}],"curies":[{"name":"wp","href":"https:\/\/api.w.org\/{rel}","templated":true}]}}